{"id":111299,"date":"2018-07-12T13:51:21","date_gmt":"2018-07-12T16:51:21","guid":{"rendered":"http:\/\/diarioregionaljf.com.br\/?p=111299"},"modified":"2018-07-12T13:53:28","modified_gmt":"2018-07-12T16:53:28","slug":"ministro-suspende-por-90-dias-procedimentos-sobre-registro-sindical","status":"publish","type":"post","link":"https:\/\/diarioregionaldigital.com.br\/?p=111299","title":{"rendered":"Ministro suspende por 90 dias procedimentos sobre registro sindical"},"content":{"rendered":"<p>Nos primeiros dias no comando do Minist\u00e9rio do Trabalho, o ministro Caio Vieira de Mello, suspendeu por 90 dias todos os procedimentos de an\u00e1lise e publica\u00e7\u00f5es relativas ao registro sindical. A determina\u00e7\u00e3o est\u00e1 em portaria publicada na edi\u00e7\u00e3o dessa quinta-feira, 12, do <em>Di\u00e1rio Oficial da Uni\u00e3o<\/em><\/p>\n<p>O texto especifica que ficam exclu\u00eddos da regra da portaria os processos com determina\u00e7\u00e3o judicial para cumprimento. Em 1\u00b0 de junho, o minist\u00e9rio j\u00e1 havia suspendido por 30 dias as an\u00e1lises,publica\u00e7\u00f5es de pedidos, publica\u00e7\u00f5es de deferimento e cancelamentos de registro sindical, ap\u00f3s a deflagra\u00e7\u00e3o da Opera\u00e7\u00e3o Registro Esp\u00fario, da Pol\u00edcia Federal.<\/p>\n<p>No \u00faltimo dia 5, o ent\u00e3o ministro do Trabalho, Helton Yomura, pediu exonera\u00e7\u00e3o do cargo ap\u00f3s ter sido um dos alvos da Opera\u00e7\u00e3o Registro Esp\u00fario. A opera\u00e7\u00e3o foi deflagrada no dia 30 de maio para apurar a suspeita de fraudes no registro de sindicatos junto ao Minist\u00e9rio do Trabalho.<\/p>\n<p>Ao tomar posse, nessa ter\u00e7a-feira, 10, o novo ministro Caio Vieira de Mello disse, em entrevista a jornalistas, que o minist\u00e9rio deveria funcionar de forma t\u00e9cnica e que iria examinar a necessidade de fazer uma revis\u00e3o nos cargos da pasta ap\u00f3s a terceira fase da Opera\u00e7\u00e3o Registro Esp\u00fario.<\/p>\n<p>Segundo Vieira de Mello, o presidente Michel Temer pediu que ele desse agilidade ao trabalho do minist\u00e9rio \u201ce ajudasse a resolver os problemas que existem l\u00e1\u201d.<\/p>\n<p>&nbsp;<\/p>\n<p>Fonte: Ag\u00eancia Brasil<\/p>\n","protected":false},"excerpt":{"rendered":"<p>Nos primeiros dias no comando do Minist\u00e9rio do Trabalho, o ministro Caio Vieira de Mello, suspendeu por 90 dias todos os procedimentos de an\u00e1lise e publica\u00e7\u00f5es relativas ao registro sindical. A determina\u00e7\u00e3o est\u00e1 em portaria publicada na edi\u00e7\u00e3o dessa quinta-feira, 12, do Di\u00e1rio Oficial da Uni\u00e3o O texto especifica que ficam exclu\u00eddos da regra da [&hellip;]<\/p>\n","protected":false},"author":96,"featured_media":111300,"comment_status":"closed","ping_status":"closed","sticky":false,"template":"","format":"standard","meta":{"footnotes":""},"categories":[436,254,439],"tags":[],"class_list":["post-111299","post","type-post","status-publish","format-standard","has-post-thumbnail","hentry","category-destaque-da-semana","category-politica","category-ultima-hora"],"_links":{"self":[{"href":"https:\/\/diarioregionaldigital.com.br\/index.php?rest_route=\/wp\/v2\/posts\/111299","targetHints":{"allow":["GET"]}}],"collection":[{"href":"https:\/\/diarioregionaldigital.com.br\/index.php?rest_route=\/wp\/v2\/posts"}],"about":[{"href":"https:\/\/diarioregionaldigital.com.br\/index.php?rest_route=\/wp\/v2\/types\/post"}],"author":[{"embeddable":true,"href":"https:\/\/diarioregionaldigital.com.br\/index.php?rest_route=\/wp\/v2\/users\/96"}],"replies":[{"embeddable":true,"href":"https:\/\/diarioregionaldigital.com.br\/index.php?rest_route=%2Fwp%2Fv2%2Fcomments&post=111299"}],"version-history":[{"count":0,"href":"https:\/\/diarioregionaldigital.com.br\/index.php?rest_route=\/wp\/v2\/posts\/111299\/revisions"}],"wp:featuredmedia":[{"embeddable":true,"href":"https:\/\/diarioregionaldigital.com.br\/index.php?rest_route=\/wp\/v2\/media\/111300"}],"wp:attachment":[{"href":"https:\/\/diarioregionaldigital.com.br\/index.php?rest_route=%2Fwp%2Fv2%2Fmedia&parent=111299"}],"wp:term":[{"taxonomy":"category","embeddable":true,"href":"https:\/\/diarioregionaldigital.com.br\/index.php?rest_route=%2Fwp%2Fv2%2Fcategories&post=111299"},{"taxonomy":"post_tag","embeddable":true,"href":"https:\/\/diarioregionaldigital.com.br\/index.php?rest_route=%2Fwp%2Fv2%2Ftags&post=111299"}],"curies":[{"name":"wp","href":"https:\/\/api.w.org\/{rel}","templated":true}]}}