{"id":111297,"date":"2018-07-12T13:43:20","date_gmt":"2018-07-12T16:43:20","guid":{"rendered":"http:\/\/diarioregionaljf.com.br\/?p=111297"},"modified":"2018-07-12T13:43:20","modified_gmt":"2018-07-12T16:43:20","slug":"settra-implanta-mao-unica-em-ruas-dos-bairros-manoel-honorio-e-centenario","status":"publish","type":"post","link":"https:\/\/diarioregionaldigital.com.br\/?p=111297","title":{"rendered":"Settra implanta m\u00e3o \u00fanica em ruas dos bairros Manoel Hon\u00f3rio e Centen\u00e1rio"},"content":{"rendered":"<p>Visando a seguran\u00e7a dos pedestres e fluidez do tr\u00e2nsito, a Secretaria de Transporte e Tr\u00e2nsito (Settra) da Prefeitura de Juiz de Fora (PJF) implantar\u00e1 m\u00e3o \u00fanica nesta quinta-feira, 12, em ruas dos bairros Manoel Hon\u00f3rio e Centen\u00e1rio. As altera\u00e7\u00f5es acontecer\u00e3o a partir das 13 horas.<\/p>\n<p>Passa ser m\u00e3o \u00fanica as ruas Bernardo Guimar\u00e3es, entre Am\u00e9rico Lobo e Silvio Romero (neste sentido), e Silvio Romero, entre Bernardo Guimar\u00e3es e Avenida Bar\u00e3o do Rio Branco (neste sentido). A altera\u00e7\u00e3o na circula\u00e7\u00e3o (em anexo) ser\u00e1 realizada na parte da tarde, ap\u00f3s o t\u00e9rmino da feira livre na Am\u00e9rico Lobo.<\/p>\n<p>&nbsp;<\/p>\n<p>Fonte: Assessoria PJF<\/p>\n","protected":false},"excerpt":{"rendered":"<p>Visando a seguran\u00e7a dos pedestres e fluidez do tr\u00e2nsito, a Secretaria de Transporte e Tr\u00e2nsito (Settra) da Prefeitura de Juiz de Fora (PJF) implantar\u00e1 m\u00e3o \u00fanica nesta quinta-feira, 12, em ruas dos bairros Manoel Hon\u00f3rio e Centen\u00e1rio. As altera\u00e7\u00f5es acontecer\u00e3o a partir das 13 horas. Passa ser m\u00e3o \u00fanica as ruas Bernardo Guimar\u00e3es, entre Am\u00e9rico [&hellip;]<\/p>\n","protected":false},"author":96,"featured_media":105098,"comment_status":"closed","ping_status":"closed","sticky":false,"template":"","format":"standard","meta":{"footnotes":""},"categories":[253,440,439],"tags":[],"class_list":["post-111297","post","type-post","status-publish","format-standard","has-post-thumbnail","hentry","category-cidade","category-destaques-do-dia","category-ultima-hora"],"_links":{"self":[{"href":"https:\/\/diarioregionaldigital.com.br\/index.php?rest_route=\/wp\/v2\/posts\/111297","targetHints":{"allow":["GET"]}}],"collection":[{"href":"https:\/\/diarioregionaldigital.com.br\/index.php?rest_route=\/wp\/v2\/posts"}],"about":[{"href":"https:\/\/diarioregionaldigital.com.br\/index.php?rest_route=\/wp\/v2\/types\/post"}],"author":[{"embeddable":true,"href":"https:\/\/diarioregionaldigital.com.br\/index.php?rest_route=\/wp\/v2\/users\/96"}],"replies":[{"embeddable":true,"href":"https:\/\/diarioregionaldigital.com.br\/index.php?rest_route=%2Fwp%2Fv2%2Fcomments&post=111297"}],"version-history":[{"count":0,"href":"https:\/\/diarioregionaldigital.com.br\/index.php?rest_route=\/wp\/v2\/posts\/111297\/revisions"}],"wp:featuredmedia":[{"embeddable":true,"href":"https:\/\/diarioregionaldigital.com.br\/index.php?rest_route=\/wp\/v2\/media\/105098"}],"wp:attachment":[{"href":"https:\/\/diarioregionaldigital.com.br\/index.php?rest_route=%2Fwp%2Fv2%2Fmedia&parent=111297"}],"wp:term":[{"taxonomy":"category","embeddable":true,"href":"https:\/\/diarioregionaldigital.com.br\/index.php?rest_route=%2Fwp%2Fv2%2Fcategories&post=111297"},{"taxonomy":"post_tag","embeddable":true,"href":"https:\/\/diarioregionaldigital.com.br\/index.php?rest_route=%2Fwp%2Fv2%2Ftags&post=111297"}],"curies":[{"name":"wp","href":"https:\/\/api.w.org\/{rel}","templated":true}]}}