{"id":111291,"date":"2018-07-12T13:26:04","date_gmt":"2018-07-12T16:26:04","guid":{"rendered":"http:\/\/diarioregionaljf.com.br\/?p=111291"},"modified":"2018-07-12T13:26:04","modified_gmt":"2018-07-12T16:26:04","slug":"anistia-critica-ineficacia-de-autoridades-no-caso-marielle","status":"publish","type":"post","link":"https:\/\/diarioregionaldigital.com.br\/?p=111291","title":{"rendered":"Anistia critica &#8216;inefic\u00e1cia&#8217; de autoridades no caso Marielle"},"content":{"rendered":"<p>Na semana em que o assassinato da vereadora do Rio de Janeiro Marielle Franco (PSOL) e do motorista Anderson Gomes completa quatro meses, a Anistia Internacional no Brasil divulgou nessa quinta-feira, 12, um comunicado em que critica as institui\u00e7\u00f5es do Sistema de Justi\u00e7a Criminal Brasileiro por ainda n\u00e3o terem chegado a uma solu\u00e7\u00e3o para os crimes.<\/p>\n<p>&#8220;Ap\u00f3s quatro meses, a n\u00e3o resolu\u00e7\u00e3o do assassinato de Marielle Franco demonstra inefic\u00e1cia, incompet\u00eancia e falta de vontade das institui\u00e7\u00f5es do Sistema de Justi\u00e7a Criminal brasileiro em resolver o caso. \u00c9 urgente o estabelecimento de um mecanismo externo e independente para monitorar essa investiga\u00e7\u00e3o&#8221;, afirmou Jurema Werneck, diretora executiva da Anistia Internacional, que tamb\u00e9m pediu que as autoridades quebrem o sil\u00eancio e voltem a se comprometer publicamente a encontrar os respons\u00e1veis pelos assassinatos.<\/p>\n<p>&#8220;A n\u00e3o solu\u00e7\u00e3o do caso demonstra de forma inconteste a falta de compromisso do Estado brasileiro com seus defensores e defensoras de direitos humanos&#8221;, disse.<\/p>\n<p>Marielle e Anderson foram assassinados em 14 de mar\u00e7o no Est\u00e1cio, na regi\u00e3o central do Rio de Janeiro. Os assassinos dispararam tiros de um carro que seguia a vereadora.<\/p>\n<p>A coordenadora de pesquisa da Anistia Internacional, Renata Neder, defendeu hoje que a falta de solu\u00e7\u00e3o do caso e a possibilidade de envolvimento de agentes do Estado aponta para a necessidade de se criar um mecanismo independente de acompanhamento das investiga\u00e7\u00f5es. Quem participaria desse \u00f3rg\u00e3o e como se daria a sua cria\u00e7\u00e3o s\u00e3o pontos que ainda \u00e9 necess\u00e1rio discutir, ponderou ela.<\/p>\n<p>&#8220;\u00c9 importante para garantir que\u00a0 as investiga\u00e7\u00f5es andem de forma c\u00e9lere, n\u00e3o sofram com interfer\u00eancias indevidas e que todas as dilig\u00eancias sejam feitas&#8221;, disse ela, que explicou que esse \u00f3rg\u00e3o externo n\u00e3o faria uma investiga\u00e7\u00e3o paralela, mas apenas verificaria se os procedimentos corretos est\u00e3o sendo cumpridos.<\/p>\n<p>Quando o crime completou tr\u00eas meses, a Anistia cobrou que o Minist\u00e9rio P\u00fablico do Estado do Rio de Janeiro destacasse membros de seus grupos especializados para acompanhar o trabalho da Pol\u00edcia Civil, que toca as investiga\u00e7\u00f5es em sigilo. Segundo Renata, o MP n\u00e3o atendeu essa reivindica\u00e7\u00e3o e explicou que cinco promotores j\u00e1 estavam refor\u00e7ando o trabalho do promotor respons\u00e1vel pelo caso.<\/p>\n<h6>Pais de Marielle<\/h6>\n<p>Os pais de Marielle Franco estiveram na sede da Anistia Internacional na manh\u00e3 de hoje para refor\u00e7ar a cobran\u00e7a por uma investiga\u00e7\u00e3o mais c\u00e9lere e transparente. Marinete da Silva disse que j\u00e1 n\u00e3o recebe not\u00edcias das autoridades fluminenses h\u00e1 mais de um m\u00eas.<\/p>\n<p>&#8220;\u00c9 bem ruim pra gente esse sil\u00eancio. \u00c9 um sentimento de que se est\u00e1 chegando a um ponto de impunidade&#8221;, disse ela, que afirmou que ainda confia no trabalho da Pol\u00edcia e nas condi\u00e7\u00f5es que ela tem de chegar a uma solu\u00e7\u00e3o. &#8220;Eu preciso acreditar&#8221;, desabafou.<\/p>\n<p>Ant\u00f4nio Francisco da Silva, pai de Marielle tamb\u00e9m criticou as autoridades e disse que nenhuma se prontifica a falar com a fam\u00edlia. Ele tamb\u00e9m disse ter confian\u00e7a de que a Pol\u00edcia pode chegar aos criminosos e mandantes do crime e afirmou que n\u00e3o apenas a fam\u00edlia, mas a sociedade brasileira e a comunidade internacional tamb\u00e9m esperam que a justi\u00e7a seja feita.<\/p>\n<p>&#8220;Todo dia quando eu acordo eu fa\u00e7o essa pergunta: O que minha filha fez, o que ela falou, para que tirassem a vida dela brutal e covardemente como foi?&#8221;<\/p>\n<p>Procurada, a Secretaria Estadual de Seguran\u00e7a P\u00fablica afirmou em nota que n\u00e3o vai se posicionar sobre o caso, porque ele segue em sigilo.<\/p>\n<p>&nbsp;<\/p>\n<p>&nbsp;<\/p>\n<p>Fonte: Ag\u00eancia Brasil<\/p>\n","protected":false},"excerpt":{"rendered":"<p>Na semana em que o assassinato da vereadora do Rio de Janeiro Marielle Franco (PSOL) e do motorista Anderson Gomes completa quatro meses, a Anistia Internacional no Brasil divulgou nessa quinta-feira, 12, um comunicado em que critica as institui\u00e7\u00f5es do Sistema de Justi\u00e7a Criminal Brasileiro por ainda n\u00e3o terem chegado a uma solu\u00e7\u00e3o para os [&hellip;]<\/p>\n","protected":false},"author":96,"featured_media":99926,"comment_status":"closed","ping_status":"closed","sticky":false,"template":"","format":"standard","meta":{"footnotes":""},"categories":[302,439],"tags":[],"class_list":["post-111291","post","type-post","status-publish","format-standard","has-post-thumbnail","hentry","category-brasil-mundo","category-ultima-hora"],"_links":{"self":[{"href":"https:\/\/diarioregionaldigital.com.br\/index.php?rest_route=\/wp\/v2\/posts\/111291","targetHints":{"allow":["GET"]}}],"collection":[{"href":"https:\/\/diarioregionaldigital.com.br\/index.php?rest_route=\/wp\/v2\/posts"}],"about":[{"href":"https:\/\/diarioregionaldigital.com.br\/index.php?rest_route=\/wp\/v2\/types\/post"}],"author":[{"embeddable":true,"href":"https:\/\/diarioregionaldigital.com.br\/index.php?rest_route=\/wp\/v2\/users\/96"}],"replies":[{"embeddable":true,"href":"https:\/\/diarioregionaldigital.com.br\/index.php?rest_route=%2Fwp%2Fv2%2Fcomments&post=111291"}],"version-history":[{"count":0,"href":"https:\/\/diarioregionaldigital.com.br\/index.php?rest_route=\/wp\/v2\/posts\/111291\/revisions"}],"wp:featuredmedia":[{"embeddable":true,"href":"https:\/\/diarioregionaldigital.com.br\/index.php?rest_route=\/wp\/v2\/media\/99926"}],"wp:attachment":[{"href":"https:\/\/diarioregionaldigital.com.br\/index.php?rest_route=%2Fwp%2Fv2%2Fmedia&parent=111291"}],"wp:term":[{"taxonomy":"category","embeddable":true,"href":"https:\/\/diarioregionaldigital.com.br\/index.php?rest_route=%2Fwp%2Fv2%2Fcategories&post=111291"},{"taxonomy":"post_tag","embeddable":true,"href":"https:\/\/diarioregionaldigital.com.br\/index.php?rest_route=%2Fwp%2Fv2%2Ftags&post=111291"}],"curies":[{"name":"wp","href":"https:\/\/api.w.org\/{rel}","templated":true}]}}