{"id":111282,"date":"2018-07-12T10:17:36","date_gmt":"2018-07-12T13:17:36","guid":{"rendered":"http:\/\/diarioregionaljf.com.br\/?p=111282"},"modified":"2018-07-12T10:17:36","modified_gmt":"2018-07-12T13:17:36","slug":"renan-faz-primeira-convocacao-para-o-campeonato-mundial","status":"publish","type":"post","link":"https:\/\/diarioregionaldigital.com.br\/?p=111282","title":{"rendered":"Renan faz primeira convoca\u00e7\u00e3o para o Campeonato Mundial"},"content":{"rendered":"<p>A Confedera\u00e7\u00e3o Brasileira de Voleibol (CBV) anunciou, nesta quarta-feira, 11, a primeira convoca\u00e7\u00e3o para o Campeonato Mundial, que ser\u00e1 disputada de 9 a 30 de setembro, na Bulg\u00e1ria e na It\u00e1lia. Nesta primeira lista, o t\u00e9cnico da sele\u00e7\u00e3o brasileira masculina de v\u00f4lei, Renan, anunciou 15 convocados e um convidado.<\/p>\n<p>Foram chamados os levantadores Bruninho e William; os opostos Wallace e Evandro; os centrais Luc\u00e3o, Maur\u00edcio Souza, \u00c9der e Isac; os ponteiros Lipe, Lucas L\u00f3h, Lucarelli, Douglas Souza, Rodriguinho e Victor Cardoso, e o l\u00edbero Thales. O grupo contar\u00e1 ainda com o ponteiro Kadu, que estar\u00e1 como convidado.<\/p>\n<p>A sele\u00e7\u00e3o ir\u00e1 se apresentar em dois grupos. O primeiro, formado pelos ponteiros Lipe, Rodriguinho, Victor, Lucas L\u00f3h, Douglas e Lucarelli, al\u00e9m de Kadu, chega ao Centro de Desenvolvimento de Voleibol (CDV), em Saquarema (RJ), na pr\u00f3xima ter\u00e7a-feira (17.07).<\/p>\n<p>Na segunda-feira, 23, se apresentam Bruninho, William, Thales, Luc\u00e3o, Maur\u00edcio Souza, \u00c9der, Isac, Wallace e Evandro. A baixa na convoca\u00e7\u00e3o fica por conta do ponteiro Maur\u00edcio Borges, que ter\u00e1 que operar o joelho direito ap\u00f3s sofrer les\u00e3o na Fase Final da Liga das Na\u00e7\u00f5es.<\/p>\n<p>\u201cPrimeiro, lamentamos muito a aus\u00eancia do Maur\u00edcio Borges, que vai ter que operar e desfalcar a sele\u00e7\u00e3o no Mundial. \u00c9 um atleta de muita qualidade, que vai fazer falta principalmente por fazer parte do grupo e de todo o processo desde o in\u00edcio\u201d, disse o treinador brasileiro.<\/p>\n<p>Mas, Renan est\u00e1 entusiasmado para o pr\u00f3ximo desafio, especialmente com o per\u00edodo de treinamentos que ter\u00e1 na prepara\u00e7\u00e3o para o Mundial \u2013 campeonato que acontece a cada quatro anos e onde a sele\u00e7\u00e3o brasileira \u00e9 tricampe\u00e3.<\/p>\n<p>\u201cDessa vez teremos tempo para trabalhar, cerca de um m\u00eas e meio. \u00c9 um tempo bom de treinamento, onde estaremos 100% focados no Mundial. Sabemos que vai ser mais um campeonato muito dif\u00edcil, mas vamos nos preparar muito bem\u201d, concluiu Renan.<\/p>\n<p>A sele\u00e7\u00e3o brasileira teve apenas uma semana de treinos com o grupo completo antes da viagem para a estreia na Liga das Na\u00e7\u00f5es.<\/p>\n<p>O t\u00e9cnico ter\u00e1 a mesma comiss\u00e3o t\u00e9cnica ao seu lado: o supervisor Fernando Maroni, os assistentes Marcelo Fronckowiak, e Ricardo Tabach, preparador f\u00edsico Ricardo Bacchi, m\u00e9dico Ney Pecegueiro, estat\u00edstico Henrique Modenesi, os auxiliares de quadra Giuliano Ribas, Luciano Sobrinho e Sidnei Papke, massoterapeuta Kleevansostins Albuquerque, m\u00e9dico fisiologista Jo\u00e3o Olyntho e o nutr\u00f3logo Philippe Queiroz.<\/p>\n<p>&nbsp;<\/p>\n<p>Fonte: Olimp\u00edadas todo dia<\/p>\n","protected":false},"excerpt":{"rendered":"<p>A Confedera\u00e7\u00e3o Brasileira de Voleibol (CBV) anunciou, nesta quarta-feira, 11, a primeira convoca\u00e7\u00e3o para o Campeonato Mundial, que ser\u00e1 disputada de 9 a 30 de setembro, na Bulg\u00e1ria e na It\u00e1lia. Nesta primeira lista, o t\u00e9cnico da sele\u00e7\u00e3o brasileira masculina de v\u00f4lei, Renan, anunciou 15 convocados e um convidado. Foram chamados os levantadores Bruninho e [&hellip;]<\/p>\n","protected":false},"author":96,"featured_media":111283,"comment_status":"closed","ping_status":"closed","sticky":false,"template":"","format":"standard","meta":{"footnotes":""},"categories":[257,439],"tags":[],"class_list":["post-111282","post","type-post","status-publish","format-standard","has-post-thumbnail","hentry","category-esporte","category-ultima-hora"],"_links":{"self":[{"href":"https:\/\/diarioregionaldigital.com.br\/index.php?rest_route=\/wp\/v2\/posts\/111282","targetHints":{"allow":["GET"]}}],"collection":[{"href":"https:\/\/diarioregionaldigital.com.br\/index.php?rest_route=\/wp\/v2\/posts"}],"about":[{"href":"https:\/\/diarioregionaldigital.com.br\/index.php?rest_route=\/wp\/v2\/types\/post"}],"author":[{"embeddable":true,"href":"https:\/\/diarioregionaldigital.com.br\/index.php?rest_route=\/wp\/v2\/users\/96"}],"replies":[{"embeddable":true,"href":"https:\/\/diarioregionaldigital.com.br\/index.php?rest_route=%2Fwp%2Fv2%2Fcomments&post=111282"}],"version-history":[{"count":0,"href":"https:\/\/diarioregionaldigital.com.br\/index.php?rest_route=\/wp\/v2\/posts\/111282\/revisions"}],"wp:featuredmedia":[{"embeddable":true,"href":"https:\/\/diarioregionaldigital.com.br\/index.php?rest_route=\/wp\/v2\/media\/111283"}],"wp:attachment":[{"href":"https:\/\/diarioregionaldigital.com.br\/index.php?rest_route=%2Fwp%2Fv2%2Fmedia&parent=111282"}],"wp:term":[{"taxonomy":"category","embeddable":true,"href":"https:\/\/diarioregionaldigital.com.br\/index.php?rest_route=%2Fwp%2Fv2%2Fcategories&post=111282"},{"taxonomy":"post_tag","embeddable":true,"href":"https:\/\/diarioregionaldigital.com.br\/index.php?rest_route=%2Fwp%2Fv2%2Ftags&post=111282"}],"curies":[{"name":"wp","href":"https:\/\/api.w.org\/{rel}","templated":true}]}}