{"id":111270,"date":"2018-07-12T09:56:39","date_gmt":"2018-07-12T12:56:39","guid":{"rendered":"http:\/\/diarioregionaljf.com.br\/?p=111270"},"modified":"2018-07-12T09:56:39","modified_gmt":"2018-07-12T12:56:39","slug":"o-reencontro-de-duas-selecoes-que-ja-se-enfrentaram-na-mesma-competicao-belgica-e-inglaterra","status":"publish","type":"post","link":"https:\/\/diarioregionaldigital.com.br\/?p=111270","title":{"rendered":"O reencontro de duas sele\u00e7\u00f5es que j\u00e1 se enfrentaram na mesma competi\u00e7\u00e3o: B\u00e9lgica e Inglaterra."},"content":{"rendered":"<p>B\u00e9lgica e Inglaterra disputam o terceiro lugar na Copa do Mundo neste s\u00e1bado, 14, \u00e0s 11h (hor\u00e1rio de Bras\u00edlia), em S\u00e3o Petersburgo. Em caso de vit\u00f3ria belga, a equipe far\u00e1 sua melhor campanha na hist\u00f3ria do Mundial. J\u00e1 os brit\u00e2nicos, se vencerem, far\u00e3o sua melhor participa\u00e7\u00e3o no torneio desde 1966 \u2014 quando faturou seu \u00fanico t\u00edtulo.<\/p>\n<p>A B\u00e9lgica foi eliminada pela Fran\u00e7a\u00a0nesta ter\u00e7a-feira, 10, ap\u00f3s vit\u00f3ria por 1 a 0. J\u00e1 a Inglaterra perdeu para a Cro\u00e1cia de virada, na prorroga\u00e7\u00e3o, por 2 a 1, ap\u00f3s empate em 1 a 1 no tempo regulamentar.<\/p>\n","protected":false},"excerpt":{"rendered":"<p>B\u00e9lgica e Inglaterra disputam o terceiro lugar na Copa do Mundo neste s\u00e1bado, 14, \u00e0s 11h (hor\u00e1rio de Bras\u00edlia), em S\u00e3o Petersburgo. Em caso de vit\u00f3ria belga, a equipe far\u00e1 sua melhor campanha na hist\u00f3ria do Mundial. J\u00e1 os brit\u00e2nicos, se vencerem, far\u00e3o sua melhor participa\u00e7\u00e3o no torneio desde 1966 \u2014 quando faturou seu \u00fanico [&hellip;]<\/p>\n","protected":false},"author":96,"featured_media":111272,"comment_status":"closed","ping_status":"closed","sticky":false,"template":"","format":"standard","meta":{"footnotes":""},"categories":[257,439],"tags":[],"class_list":["post-111270","post","type-post","status-publish","format-standard","has-post-thumbnail","hentry","category-esporte","category-ultima-hora"],"_links":{"self":[{"href":"https:\/\/diarioregionaldigital.com.br\/index.php?rest_route=\/wp\/v2\/posts\/111270","targetHints":{"allow":["GET"]}}],"collection":[{"href":"https:\/\/diarioregionaldigital.com.br\/index.php?rest_route=\/wp\/v2\/posts"}],"about":[{"href":"https:\/\/diarioregionaldigital.com.br\/index.php?rest_route=\/wp\/v2\/types\/post"}],"author":[{"embeddable":true,"href":"https:\/\/diarioregionaldigital.com.br\/index.php?rest_route=\/wp\/v2\/users\/96"}],"replies":[{"embeddable":true,"href":"https:\/\/diarioregionaldigital.com.br\/index.php?rest_route=%2Fwp%2Fv2%2Fcomments&post=111270"}],"version-history":[{"count":0,"href":"https:\/\/diarioregionaldigital.com.br\/index.php?rest_route=\/wp\/v2\/posts\/111270\/revisions"}],"wp:featuredmedia":[{"embeddable":true,"href":"https:\/\/diarioregionaldigital.com.br\/index.php?rest_route=\/wp\/v2\/media\/111272"}],"wp:attachment":[{"href":"https:\/\/diarioregionaldigital.com.br\/index.php?rest_route=%2Fwp%2Fv2%2Fmedia&parent=111270"}],"wp:term":[{"taxonomy":"category","embeddable":true,"href":"https:\/\/diarioregionaldigital.com.br\/index.php?rest_route=%2Fwp%2Fv2%2Fcategories&post=111270"},{"taxonomy":"post_tag","embeddable":true,"href":"https:\/\/diarioregionaldigital.com.br\/index.php?rest_route=%2Fwp%2Fv2%2Ftags&post=111270"}],"curies":[{"name":"wp","href":"https:\/\/api.w.org\/{rel}","templated":true}]}}