{"id":111266,"date":"2018-07-12T09:52:45","date_gmt":"2018-07-12T12:52:45","guid":{"rendered":"http:\/\/diarioregionaljf.com.br\/?p=111266"},"modified":"2018-07-12T09:52:45","modified_gmt":"2018-07-12T12:52:45","slug":"franca-e-croacia-fazem-final-historica-na-copa-do-mundo-russia-2018","status":"publish","type":"post","link":"https:\/\/diarioregionaldigital.com.br\/?p=111266","title":{"rendered":"Fran\u00e7a e Cro\u00e1cia fazem final hist\u00f3rica na Copa do Mundo R\u00fassia 2018"},"content":{"rendered":"<p>A Cro\u00e1cia disputar\u00e1 uma final de Copa do Mundo pela primeira vez em sua hist\u00f3ria. Nesta quarta-feira, 11, a equipe virou sobre a Inglaterra na prorroga\u00e7\u00e3o por 2 a 1, em Moscou, e se garantiu na decis\u00e3o como advers\u00e1ria da Fran\u00e7a, uma velha conhecida.\u00a0Os franceses foram os respons\u00e1veis por derrubar o sonho croata em 1998, na semi.<\/p>\n<p>A final acontece no domingo, 15 de julho, \u00e0s 12h (de Bras\u00edlia). A Cro\u00e1cia leva pequena desvantagem por ter jogado tr\u00eas partidas com prorroga\u00e7\u00e3o. Somando os 90 minutos de tempo extra que os croatas encararam at\u00e9 aqui, \u00e9 poss\u00edvel dizer que jogaram uma partida a mais.<\/p>\n","protected":false},"excerpt":{"rendered":"<p>A Cro\u00e1cia disputar\u00e1 uma final de Copa do Mundo pela primeira vez em sua hist\u00f3ria. Nesta quarta-feira, 11, a equipe virou sobre a Inglaterra na prorroga\u00e7\u00e3o por 2 a 1, em Moscou, e se garantiu na decis\u00e3o como advers\u00e1ria da Fran\u00e7a, uma velha conhecida.\u00a0Os franceses foram os respons\u00e1veis por derrubar o sonho croata em 1998, [&hellip;]<\/p>\n","protected":false},"author":96,"featured_media":111267,"comment_status":"closed","ping_status":"closed","sticky":false,"template":"","format":"standard","meta":{"footnotes":""},"categories":[257,439],"tags":[],"class_list":["post-111266","post","type-post","status-publish","format-standard","has-post-thumbnail","hentry","category-esporte","category-ultima-hora"],"_links":{"self":[{"href":"https:\/\/diarioregionaldigital.com.br\/index.php?rest_route=\/wp\/v2\/posts\/111266","targetHints":{"allow":["GET"]}}],"collection":[{"href":"https:\/\/diarioregionaldigital.com.br\/index.php?rest_route=\/wp\/v2\/posts"}],"about":[{"href":"https:\/\/diarioregionaldigital.com.br\/index.php?rest_route=\/wp\/v2\/types\/post"}],"author":[{"embeddable":true,"href":"https:\/\/diarioregionaldigital.com.br\/index.php?rest_route=\/wp\/v2\/users\/96"}],"replies":[{"embeddable":true,"href":"https:\/\/diarioregionaldigital.com.br\/index.php?rest_route=%2Fwp%2Fv2%2Fcomments&post=111266"}],"version-history":[{"count":0,"href":"https:\/\/diarioregionaldigital.com.br\/index.php?rest_route=\/wp\/v2\/posts\/111266\/revisions"}],"wp:featuredmedia":[{"embeddable":true,"href":"https:\/\/diarioregionaldigital.com.br\/index.php?rest_route=\/wp\/v2\/media\/111267"}],"wp:attachment":[{"href":"https:\/\/diarioregionaldigital.com.br\/index.php?rest_route=%2Fwp%2Fv2%2Fmedia&parent=111266"}],"wp:term":[{"taxonomy":"category","embeddable":true,"href":"https:\/\/diarioregionaldigital.com.br\/index.php?rest_route=%2Fwp%2Fv2%2Fcategories&post=111266"},{"taxonomy":"post_tag","embeddable":true,"href":"https:\/\/diarioregionaldigital.com.br\/index.php?rest_route=%2Fwp%2Fv2%2Ftags&post=111266"}],"curies":[{"name":"wp","href":"https:\/\/api.w.org\/{rel}","templated":true}]}}