{"id":111265,"date":"2018-07-12T09:53:02","date_gmt":"2018-07-12T12:53:02","guid":{"rendered":"http:\/\/diarioregionaljf.com.br\/?p=111265"},"modified":"2018-07-12T09:53:31","modified_gmt":"2018-07-12T12:53:31","slug":"dupla-e-perseguida-e-presa-apos-roubar-caminhao-com-carga-avaliada-em-r156-mil","status":"publish","type":"post","link":"https:\/\/diarioregionaldigital.com.br\/?p=111265","title":{"rendered":"Dupla \u00e9 perseguida e presa ap\u00f3s roubar caminh\u00e3o com carga avaliada em R$156 mil"},"content":{"rendered":"<p>Um rapaz de 24 anos e um homem de 35 foram perseguidos e presos, na BR-267, ap\u00f3s participarem do roubo a um caminh\u00e3o que transportava uma carga avaliada em R$156 mil. O ve\u00edculo havia sido roubado no munic\u00edpio de Bom Jardim de Minas (a cerca de 114 KM de JF) ap\u00f3s o caminhoneiro ter sido rendido por cerca de seis indiv\u00edduos armados.<\/p>\n<p>Segundo informa\u00e7\u00f5es da Pol\u00edcia Militar (PM), um cerco foi montado na altura do KM 970 da rodovia depois de recebidas informa\u00e7\u00f5es sobre o roubo. Minutos depois do in\u00edcio da opera\u00e7\u00e3o, o caminh\u00e3o foi avistado pelos policiais. O ve\u00edculo furou o bloqueio e continuou o trajeto pelo acostamento da via.<\/p>\n<p>Ainda segundo a PM, foi iniciada persegui\u00e7\u00e3o \u00e0 carreta, que durante a fuga seguia for\u00e7ando passagem entre os demais autom\u00f3veis que trafegavam pela rodovia. O condutor do ve\u00edculo realizava movimentos em &#8216;zigue-zague&#8217;, no intuito de impedir a aproxima\u00e7\u00e3o ou ultrapassagem das viaturas policiais.<\/p>\n<p>Tendo em vista o risco iminente de acidente, os militares efetuaram disparos em dire\u00e7\u00e3o aos pneus do caminh\u00e3o, na tentativa de cessar a fuga dos criminosos. Ap\u00f3s os disparos, o ve\u00edculo parou no acostamento, possibilitando a abordagem e deten\u00e7\u00e3o dos autores.<\/p>\n<p>Durante buscas pessoais foram apreendidos R$384 em dinheiro, um cheque no valor de R$1 mil, uma c\u00e9dula de d\u00f3lar, uma c\u00e9dula de dois mil guaranis (moeda Paraguaia) e um telefone celular.<\/p>\n<p>O motorista do caminh\u00e3o relatou que seguia sentido Juiz de Fora quando se deparou com um ve\u00edculo de passeio atravessado na pista e cerca de seis indiv\u00edduos na rodovia, portando armas de fogo. Os autores efetuaram tiros em dire\u00e7\u00e3o ao ve\u00edculo e para o alto, com fins de for\u00e7ar a parada do mesmo.<\/p>\n<p>A v\u00edtima chegou a jogar o caminh\u00e3o contra o grupo e seguir viagem, mas foi alcan\u00e7ada pelo carro de passeio quil\u00f4metros depois e acabou parando devido \u00e0 novos disparos efetuados pelos assaltantes. Tr\u00eas dos autores entraram no caminh\u00e3o e amarram o condutor, que foi colocado na bol\u00e9ia.<\/p>\n<p>Ap\u00f3s rodarem alguns quil\u00f4metros, os autores abandonaram o caminhoneiro na rodovia. Ele foi deixado amarrado, no meio do mato. Depois que conseguiu se soltar, a v\u00edtima seguiu caminhando pela BR, onde foi encontrada por uma viatura policial da cidade de Bom Jardim de Minas.<\/p>\n<p>Os autores foram presos em flagrante e encaminhados a delegacia de plant\u00e3o para as demais provid\u00eancias.<\/p>\n","protected":false},"excerpt":{"rendered":"<p>Um rapaz de 24 anos e um homem de 35 foram perseguidos e presos, na BR-267, ap\u00f3s participarem do roubo a um caminh\u00e3o que transportava uma carga avaliada em R$156 mil. O ve\u00edculo havia sido roubado no munic\u00edpio de Bom Jardim de Minas (a cerca de 114 KM de JF) ap\u00f3s o caminhoneiro ter sido [&hellip;]<\/p>\n","protected":false},"author":96,"featured_media":95836,"comment_status":"closed","ping_status":"closed","sticky":false,"template":"","format":"standard","meta":{"footnotes":""},"categories":[301,439],"tags":[],"class_list":["post-111265","post","type-post","status-publish","format-standard","has-post-thumbnail","hentry","category-artigos-policiais","category-ultima-hora"],"_links":{"self":[{"href":"https:\/\/diarioregionaldigital.com.br\/index.php?rest_route=\/wp\/v2\/posts\/111265","targetHints":{"allow":["GET"]}}],"collection":[{"href":"https:\/\/diarioregionaldigital.com.br\/index.php?rest_route=\/wp\/v2\/posts"}],"about":[{"href":"https:\/\/diarioregionaldigital.com.br\/index.php?rest_route=\/wp\/v2\/types\/post"}],"author":[{"embeddable":true,"href":"https:\/\/diarioregionaldigital.com.br\/index.php?rest_route=\/wp\/v2\/users\/96"}],"replies":[{"embeddable":true,"href":"https:\/\/diarioregionaldigital.com.br\/index.php?rest_route=%2Fwp%2Fv2%2Fcomments&post=111265"}],"version-history":[{"count":0,"href":"https:\/\/diarioregionaldigital.com.br\/index.php?rest_route=\/wp\/v2\/posts\/111265\/revisions"}],"wp:featuredmedia":[{"embeddable":true,"href":"https:\/\/diarioregionaldigital.com.br\/index.php?rest_route=\/wp\/v2\/media\/95836"}],"wp:attachment":[{"href":"https:\/\/diarioregionaldigital.com.br\/index.php?rest_route=%2Fwp%2Fv2%2Fmedia&parent=111265"}],"wp:term":[{"taxonomy":"category","embeddable":true,"href":"https:\/\/diarioregionaldigital.com.br\/index.php?rest_route=%2Fwp%2Fv2%2Fcategories&post=111265"},{"taxonomy":"post_tag","embeddable":true,"href":"https:\/\/diarioregionaldigital.com.br\/index.php?rest_route=%2Fwp%2Fv2%2Ftags&post=111265"}],"curies":[{"name":"wp","href":"https:\/\/api.w.org\/{rel}","templated":true}]}}