{"id":111259,"date":"2018-07-12T09:04:02","date_gmt":"2018-07-12T12:04:02","guid":{"rendered":"http:\/\/diarioregionaljf.com.br\/?p=111259"},"modified":"2018-07-12T09:04:43","modified_gmt":"2018-07-12T12:04:43","slug":"camara-municipal-define-locais-de-prova-do-concurso","status":"publish","type":"post","link":"https:\/\/diarioregionaldigital.com.br\/?p=111259","title":{"rendered":"C\u00e2mara Municipal define locais de prova do concurso"},"content":{"rendered":"<p>Os locais de realiza\u00e7\u00e3o das provas do concurso da C\u00e2mara Municipal, que acontecem no dia 22, est\u00e3o definidos. As provas de n\u00edvel m\u00e9dio e t\u00e9cnico ser\u00e3o realizadas no per\u00edodo da manh\u00e3 na UFJF, na Rede de Ensino Doctum &#8211; Campus Dom Orione, no Col\u00e9gio de Aplica\u00e7\u00e3o Jo\u00e3o XXIII e em escolas estaduais da cidade (ver lista abaixo). J\u00e1 as provas de n\u00edvel superior ser\u00e3o realizadas na parte da tarde na UFJF e na Rede de Ensino Doctum &#8211; Campus Dom Orione.<\/p>\n<p>O presidente da Comiss\u00e3o do Concurso da C\u00e2mara, S\u00e9rgio Loures, se reuniu nesta quarta-feira, 11, com o setor de vigil\u00e2ncia da UFJF para acertar os detalhes sobre o tr\u00e1fego interno da institui\u00e7\u00e3o, a orienta\u00e7\u00e3o dos candidatos no dia do concurso e a vigil\u00e2ncia dos institutos onde ser\u00e3o realizadas as provas.<\/p>\n<p>&nbsp;<\/p>\n<p><span style=\"font-size: 12pt;\"><strong>CART\u00c3O DE IDENTIFICA\u00c7\u00c3O<\/strong><\/span><\/p>\n<p>O candidato dever\u00e1 imprimir o cart\u00e3o de identifica\u00e7\u00e3o contendo o hor\u00e1rio e o local das provas. Para isso, \u00e9 necess\u00e1rio acessar o site da <a href=\"http:\/\/www.consulpam.com.br\/\" target=\"_blank\" rel=\"noopener\">Consulpam<\/a>, clicar no link do concurso da C\u00e2mara Municipal de Juiz de Fora e acessar a \u00c1rea de Inscri\u00e7\u00e3o. Ap\u00f3s a inser\u00e7\u00e3o do CPF e da data de nascimento do candidato, estar\u00e1 dispon\u00edvel a impress\u00e3o do cart\u00e3o de identifica\u00e7\u00e3o. A C\u00e2mara Municipal disponibilizou um computador no sagu\u00e3o do Pal\u00e1cio Barbosa Lima para os candidatos que n\u00e3o tiverem acesso a internet imprimirem o cart\u00e3o de identifica\u00e7\u00e3o.<\/p>\n<p>De acordo com o edital do concurso, o cart\u00e3o de identifica\u00e7\u00e3o dever\u00e1 ser disponibilizado at\u00e9 cinco dias \u00fateis antes da realiza\u00e7\u00e3o das provas, ou seja, no dia 16. Por\u00e9m, nada impede que a empresa organizadora do concurso disponibilize o cart\u00e3o antes deste prazo.<\/p>\n<p>Caso o candidato n\u00e3o consiga imprimir o cart\u00e3o de identifica\u00e7\u00e3o contendo o local e hor\u00e1rio da prova at\u00e9 o dia 16, ele deve entrar em contato com a Consulpam pelos telefones (85) 3224-9369 \/ 3239-4402 de segunda \u00e0 sexta-feira, de 9h \u00e0s 12h e de 14h \u00e0s 17h, ou pelo email contato@consulpam.com.br.<\/p>\n<p>&nbsp;<\/p>\n<p><strong>Locais de prova no turno da manh\u00e3 (n\u00edveis m\u00e9dio e t\u00e9cnico):<\/strong><\/p>\n<p>&nbsp;<\/p>\n<p>&#8211; Universidade Federal de Juiz de Fora (Rua Jos\u00e9 Louren\u00e7o Kelmer, S\/N, Campus Universit\u00e1rio);<\/p>\n<p>&#8211; Universidade Federal de Juiz de Fora &#8211; Faculdade de Medicina &#8211; Pr\u00e9dio Novo (Avenida Eug\u00eanio do Nascimento, S\/N, Aeroporto);<\/p>\n<p>&#8211; Universidade Federal de Juiz de Fora &#8211; Faculdade de Fisioterapia (Avenida Eug\u00eanio do Nascimento, S\/N, Aeroporto);<\/p>\n<p>&#8211; Rede de Ensino Doctum &#8211; Campus Dom Orione (Estrada Dom Orione, S\/N, Dom Bosco);<\/p>\n<p>&#8211; Col\u00e9gio Aplica\u00e7\u00e3o XXIII (Rua Visconde de Mau\u00e1, 300, Santa Helena);<\/p>\n<p>&#8211; E.E Ant\u00f4nio Carlos (Rua Coronel Vidal, 180, Mariano Proc\u00f3pio);<\/p>\n<p>&#8211; E.E Delfim Moreira (Rua Santo Ant\u00f4nio, 1130, Centro);<\/p>\n<p>&#8211; E.E Duque de Caxias (Av. Bar\u00e3o do Rio Branco, 3310, Alto dos Passos);<\/p>\n<p>&#8211; E.E Francisco Bernardino (Rua Sergipe, S\/N, Manoel Hon\u00f3rio);<\/p>\n<p>&#8211; E.E Governador Juscelino Kubitschek (Rua Zelia Lima Guedes, S\/N, Santa Luzia);<\/p>\n<p>&#8211; E.E Henrique Burnier (Rua Os\u00f3rio de Almeida, 976, Po\u00e7o Rico);<\/p>\n<p>&#8211; E.E Maria de Magalh\u00e3es Pinto (Rua Jos\u00e9 Nunes Leal, 70, Santa Luzia);<\/p>\n<p>&#8211; E.E Mercedes Nery Machado (Rua Santa Terezinha, 359, Santa Terezinha);<\/p>\n<p>.- .E Nyrce Villa Verde Coelho de Magalh\u00e3es (Rua Sady Monteiro Boechat, 175, S\u00e3o Pedro);<\/p>\n<p>&#8211; E.E Professor Jos\u00e9 Eutr\u00f3pio (Rua Cust\u00f3dio Trist\u00e3o, 1, Santa Terezinha);<\/p>\n<p>&#8211; E.E Professor Quesnel (Rua Bernardo Mascarenhas,1045, F\u00e1bricas);<\/p>\n<p>&#8211; E.E Professor Teodoro Coelho (Rua Antonio Armando Pereira, 51, J\u00f3quei Clube).<\/p>\n<p><strong>Locais de prova no turno da tarde (n\u00edvel superior):<\/strong><\/p>\n<p>&#8211; Universidade Federal de Juiz de Fora &#8211; Campus Universit\u00e1rio (Rua Jos\u00e9 Louren\u00e7o Kelmer, S\/N);<\/p>\n<p>&#8211; Universidade Federal de Juiz de Fora &#8211; Faculdade de Medicina &#8211; Pr\u00e9dio Novo (Avenida Eug\u00eanio do Nascimento, S\/N, Aeroporto);<\/p>\n<p>&#8211; Universidade Federal de Juiz de Fora &#8211; Faculdade de Fisioterapia (Avenida Eug\u00eanio do Nascimento, S\/N, Aeroporto);<\/p>\n<p>&#8211; Rede de Ensino Doctum &#8211; Campus Dom Orione (Estrada Dom Orione, S\/N, Dom Bosco).<\/p>\n<p>&nbsp;<\/p>\n<p>Fonte: Assesoria<\/p>\n","protected":false},"excerpt":{"rendered":"<p>Os locais de realiza\u00e7\u00e3o das provas do concurso da C\u00e2mara Municipal, que acontecem no dia 22, est\u00e3o definidos. As provas de n\u00edvel m\u00e9dio e t\u00e9cnico ser\u00e3o realizadas no per\u00edodo da manh\u00e3 na UFJF, na Rede de Ensino Doctum &#8211; Campus Dom Orione, no Col\u00e9gio de Aplica\u00e7\u00e3o Jo\u00e3o XXIII e em escolas estaduais da cidade (ver [&hellip;]<\/p>\n","protected":false},"author":96,"featured_media":111260,"comment_status":"closed","ping_status":"closed","sticky":false,"template":"","format":"standard","meta":{"footnotes":""},"categories":[280,436,439],"tags":[],"class_list":["post-111259","post","type-post","status-publish","format-standard","has-post-thumbnail","hentry","category-concurso","category-destaque-da-semana","category-ultima-hora"],"_links":{"self":[{"href":"https:\/\/diarioregionaldigital.com.br\/index.php?rest_route=\/wp\/v2\/posts\/111259","targetHints":{"allow":["GET"]}}],"collection":[{"href":"https:\/\/diarioregionaldigital.com.br\/index.php?rest_route=\/wp\/v2\/posts"}],"about":[{"href":"https:\/\/diarioregionaldigital.com.br\/index.php?rest_route=\/wp\/v2\/types\/post"}],"author":[{"embeddable":true,"href":"https:\/\/diarioregionaldigital.com.br\/index.php?rest_route=\/wp\/v2\/users\/96"}],"replies":[{"embeddable":true,"href":"https:\/\/diarioregionaldigital.com.br\/index.php?rest_route=%2Fwp%2Fv2%2Fcomments&post=111259"}],"version-history":[{"count":0,"href":"https:\/\/diarioregionaldigital.com.br\/index.php?rest_route=\/wp\/v2\/posts\/111259\/revisions"}],"wp:featuredmedia":[{"embeddable":true,"href":"https:\/\/diarioregionaldigital.com.br\/index.php?rest_route=\/wp\/v2\/media\/111260"}],"wp:attachment":[{"href":"https:\/\/diarioregionaldigital.com.br\/index.php?rest_route=%2Fwp%2Fv2%2Fmedia&parent=111259"}],"wp:term":[{"taxonomy":"category","embeddable":true,"href":"https:\/\/diarioregionaldigital.com.br\/index.php?rest_route=%2Fwp%2Fv2%2Fcategories&post=111259"},{"taxonomy":"post_tag","embeddable":true,"href":"https:\/\/diarioregionaldigital.com.br\/index.php?rest_route=%2Fwp%2Fv2%2Ftags&post=111259"}],"curies":[{"name":"wp","href":"https:\/\/api.w.org\/{rel}","templated":true}]}}