{"id":111255,"date":"2018-07-12T08:30:58","date_gmt":"2018-07-12T11:30:58","guid":{"rendered":"http:\/\/diarioregionaljf.com.br\/?p=111255"},"modified":"2018-07-12T08:31:22","modified_gmt":"2018-07-12T11:31:22","slug":"quatro-pessoas-sao-vitimas-de-assalto-em-jf","status":"publish","type":"post","link":"https:\/\/diarioregionaldigital.com.br\/?p=111255","title":{"rendered":"Quatro pessoas s\u00e3o v\u00edtimas de assalto em JF"},"content":{"rendered":"<p>A Pol\u00edcia Militar (PM) registrou quatro assaltos a transeuntes em Juiz de Fora nessa quarta-feira, 11. Os crimes ocorreram em diferentes bairros da cidade. Em todos os casos as v\u00edtimas foram abordadas por indiv\u00edduos armados, que mesmo ap\u00f3s rastreamento n\u00e3o foram localizados.<\/p>\n<p>Por volta das 13h35, um homem de 58 anos teve cerca de R$145 roubados ap\u00f3s ser abordado por um assaltante armado de rev\u00f3lver no bairro Vila Ideal, Zona Sudeste. Ap\u00f3s o crime o autor fugiu em sentido ao bairro Vila Olavo Costa.<\/p>\n<p>Na Zona Norte, uma mulher de 35 anos foi abordada por um indiv\u00edduo armado com fac\u00e3o quando transitava pela Rua Kalil Abr\u00e3o Halack, no bairro Santa Clara, \u00e0 noite. Segundo informa\u00e7\u00f5es da PM, ap\u00f3s amea\u00e7ar a v\u00edtima o assaltante roubou um aparelho celular, R$110 e a carteira de motorista da mesma.<\/p>\n<p>Tamb\u00e9m durante a noite, um rapaz de 19 anos teve o celular roubado por um indiv\u00edduo portando uma faca quando passava pela Rua Severino Meireles, bairro Alto dos Passos, Zona Sul da cidade. O jovem relatou ter sido rendido pelo assaltante, que exigiu que ele entregasse o telefone. Ap\u00f3s o crime o autor fugiu a p\u00e9.<\/p>\n<p>Ainda na Zona Sul, outro jovem de 19 anos tamb\u00e9m teve o celular roubado. A v\u00edtima relatou que se deslocava para um ponto de \u00f4nibus do bairro Santa Efig\u00eania quando foi abordada por um assaltante portando uma arma de fogo. Apontando a mesma na dire\u00e7\u00e3o do rapaz, o autor exigiu que ele lhe entregasse o aparelho, fugindo em seguida.<\/p>\n","protected":false},"excerpt":{"rendered":"<p>A Pol\u00edcia Militar (PM) registrou quatro assaltos a transeuntes em Juiz de Fora nessa quarta-feira, 11. Os crimes ocorreram em diferentes bairros da cidade. Em todos os casos as v\u00edtimas foram abordadas por indiv\u00edduos armados, que mesmo ap\u00f3s rastreamento n\u00e3o foram localizados. Por volta das 13h35, um homem de 58 anos teve cerca de R$145 [&hellip;]<\/p>\n","protected":false},"author":96,"featured_media":95836,"comment_status":"closed","ping_status":"closed","sticky":false,"template":"","format":"standard","meta":{"footnotes":""},"categories":[301,439],"tags":[],"class_list":["post-111255","post","type-post","status-publish","format-standard","has-post-thumbnail","hentry","category-artigos-policiais","category-ultima-hora"],"_links":{"self":[{"href":"https:\/\/diarioregionaldigital.com.br\/index.php?rest_route=\/wp\/v2\/posts\/111255","targetHints":{"allow":["GET"]}}],"collection":[{"href":"https:\/\/diarioregionaldigital.com.br\/index.php?rest_route=\/wp\/v2\/posts"}],"about":[{"href":"https:\/\/diarioregionaldigital.com.br\/index.php?rest_route=\/wp\/v2\/types\/post"}],"author":[{"embeddable":true,"href":"https:\/\/diarioregionaldigital.com.br\/index.php?rest_route=\/wp\/v2\/users\/96"}],"replies":[{"embeddable":true,"href":"https:\/\/diarioregionaldigital.com.br\/index.php?rest_route=%2Fwp%2Fv2%2Fcomments&post=111255"}],"version-history":[{"count":0,"href":"https:\/\/diarioregionaldigital.com.br\/index.php?rest_route=\/wp\/v2\/posts\/111255\/revisions"}],"wp:featuredmedia":[{"embeddable":true,"href":"https:\/\/diarioregionaldigital.com.br\/index.php?rest_route=\/wp\/v2\/media\/95836"}],"wp:attachment":[{"href":"https:\/\/diarioregionaldigital.com.br\/index.php?rest_route=%2Fwp%2Fv2%2Fmedia&parent=111255"}],"wp:term":[{"taxonomy":"category","embeddable":true,"href":"https:\/\/diarioregionaldigital.com.br\/index.php?rest_route=%2Fwp%2Fv2%2Fcategories&post=111255"},{"taxonomy":"post_tag","embeddable":true,"href":"https:\/\/diarioregionaldigital.com.br\/index.php?rest_route=%2Fwp%2Fv2%2Ftags&post=111255"}],"curies":[{"name":"wp","href":"https:\/\/api.w.org\/{rel}","templated":true}]}}