{"id":111250,"date":"2018-07-12T08:02:12","date_gmt":"2018-07-12T11:02:12","guid":{"rendered":"http:\/\/diarioregionaljf.com.br\/?p=111250"},"modified":"2018-07-12T08:03:28","modified_gmt":"2018-07-12T11:03:28","slug":"congresso-aprova-projeto-da-lei-de-diretrizes-orcamentarias-de-2019","status":"publish","type":"post","link":"https:\/\/diarioregionaldigital.com.br\/?p=111250","title":{"rendered":"Congresso aprova projeto da Lei de Diretrizes Or\u00e7ament\u00e1rias de 2019"},"content":{"rendered":"<p>O Plen\u00e1rio do Congresso Nacional aprovou no in\u00edcio dessa quinta-feira, 12, o relat\u00f3rio do senador Dalirio Beber (PSDB-SC) ao projeto da <a href=\"http:\/\/www2.camara.leg.br\/camaranoticias\/noticias\/ADMINISTRACAO-PUBLICA\/560333-CONFIRA-OS-PONTOS-PRINCIPAIS-DA-LDO-APROVADA.html\" target=\"_blank\" rel=\"noopener\">Lei de Diretrizes Or\u00e7ament\u00e1rias (LDO) de 2019<\/a>. O texto ser\u00e1 remetido agora \u00e0 san\u00e7\u00e3o presidencial.<\/p>\n<p>A LDO aprovada reflete, segundo o relator, a dificuldade fiscal do Pa\u00eds, mira o controle de gastos correntes e, de maneira in\u00e9dita, dos incentivos fiscais. Um dos pontos centrais do relat\u00f3rio, no entanto, foi derrubado pelo Plen\u00e1rio: a proibi\u00e7\u00e3o de reajuste salarial aos servidores e de cria\u00e7\u00e3o de cargos no servi\u00e7o p\u00fablico, ainda que com efeitos financeiros posteriores a 2019.<\/p>\n<p>Beber chegou a dizer aos parlamentares que o dispositivo era a ess\u00eancia do parecer. E afirmou que a inten\u00e7\u00e3o era impedir que o novo governante eleito em outubro tivesse de arcar com compromissos firmados na gest\u00e3o anterior. \u201cN\u00e3o conhecemos quem ser\u00e1 o pr\u00f3ximo presidente da Rep\u00fablica, mas conhecemos o grau de dificuldades que ele ter\u00e1 de enfrentar e esse ponto visa minimizar o tamanho dos problemas que o governo ter\u00e1\u201d, defendeu.<\/p>\n<p>Os apelos n\u00e3o convenceram a maioria. A maior parte dos partidos ligados ao governo mudou sua orienta\u00e7\u00e3o ao longo da vota\u00e7\u00e3o, passando a apoiar a retirada do dispositivo, que foi exclu\u00eddo da LDO por 209 votos a 45, com tr\u00eas obstru\u00e7\u00f5es.<\/p>\n<p>O l\u00edder do PT, deputado Paulo Pimenta (RS), avaliou o texto do relator como uma antecipa\u00e7\u00e3o de um debate que ser\u00e1 feito durante o processo eleitoral. \u201cA LDO vai impedir que candidatos \u00e0 presid\u00eancia tenham a liberdade de apresentar a sua vis\u00e3o de Estado, traduzida tamb\u00e9m na pol\u00edtica p\u00fablica para os servidores\u201d, criticou o parlamentar, autor do destaque que derrubou o impedimento aos reajustes.<\/p>\n<p>Na pr\u00e1tica, a retirada do dispositivo abre espa\u00e7o para que os Poderes possam enviar proposta de aumento salarial ao Congresso em 2019. A decis\u00e3o, no entanto, ficar\u00e1 a cargo do novo governo, que ter\u00e1 que lidar com um ano de restri\u00e7\u00f5es fiscais. Al\u00e9m disso, qualquer reajuste ter\u00e1 que respeitar o teto de gastos por \u00f3rg\u00e3o p\u00fablico.<\/p>\n<p>O Plen\u00e1rio tamb\u00e9m derrubou o corte obrigat\u00f3rio de 5% das despesas de custeio administrativo no pr\u00f3ximo ano para todos os Poderes, que abrange gastos com pagamento de di\u00e1rias, \u00e1gua, luz e telefone. O relator afirmou que a medida tinha um objetivo pedag\u00f3gico. A avalia\u00e7\u00e3o \u00e9 de que o impacto da retirada do dispositivo n\u00e3o ser\u00e1 grande, pois o custeio j\u00e1 est\u00e1 \u201cespremido\u201d pelos gastos obrigat\u00f3rios, sofrendo constantes contingenciamentos para manter o limite de gastos por \u00f3rg\u00e3o.<\/p>\n<p>&nbsp;<\/p>\n<p><span style=\"font-size: 12pt;\"><strong>MEDIDAS PRESERVADAS<\/strong><\/span><\/p>\n<p>O Plen\u00e1rio preservou as demais medidas fiscais propostas pelo senador, como a proibi\u00e7\u00e3o de concess\u00e3o de novos benef\u00edcios tribut\u00e1rios e a revis\u00e3o dos j\u00e1 concedidos, restri\u00e7\u00e3o \u00e0 convoca\u00e7\u00e3o de aprovados em concursos p\u00fablicos, proibi\u00e7\u00e3o de pagamentos a agentes p\u00fablicos com efeitos retroativos, e de reajustes do aux\u00edlio-alimenta\u00e7\u00e3o e aux\u00edlio-moradia.<\/p>\n<p>&nbsp;<\/p>\n<p>Fonte: Ag\u00eancia C\u00e2mara Not\u00edcias<\/p>\n","protected":false},"excerpt":{"rendered":"<p>O Plen\u00e1rio do Congresso Nacional aprovou no in\u00edcio dessa quinta-feira, 12, o relat\u00f3rio do senador Dalirio Beber (PSDB-SC) ao projeto da Lei de Diretrizes Or\u00e7ament\u00e1rias (LDO) de 2019. O texto ser\u00e1 remetido agora \u00e0 san\u00e7\u00e3o presidencial. A LDO aprovada reflete, segundo o relator, a dificuldade fiscal do Pa\u00eds, mira o controle de gastos correntes e, [&hellip;]<\/p>\n","protected":false},"author":96,"featured_media":111252,"comment_status":"closed","ping_status":"closed","sticky":false,"template":"","format":"standard","meta":{"footnotes":""},"categories":[440,254],"tags":[],"class_list":["post-111250","post","type-post","status-publish","format-standard","has-post-thumbnail","hentry","category-destaques-do-dia","category-politica"],"_links":{"self":[{"href":"https:\/\/diarioregionaldigital.com.br\/index.php?rest_route=\/wp\/v2\/posts\/111250","targetHints":{"allow":["GET"]}}],"collection":[{"href":"https:\/\/diarioregionaldigital.com.br\/index.php?rest_route=\/wp\/v2\/posts"}],"about":[{"href":"https:\/\/diarioregionaldigital.com.br\/index.php?rest_route=\/wp\/v2\/types\/post"}],"author":[{"embeddable":true,"href":"https:\/\/diarioregionaldigital.com.br\/index.php?rest_route=\/wp\/v2\/users\/96"}],"replies":[{"embeddable":true,"href":"https:\/\/diarioregionaldigital.com.br\/index.php?rest_route=%2Fwp%2Fv2%2Fcomments&post=111250"}],"version-history":[{"count":0,"href":"https:\/\/diarioregionaldigital.com.br\/index.php?rest_route=\/wp\/v2\/posts\/111250\/revisions"}],"wp:featuredmedia":[{"embeddable":true,"href":"https:\/\/diarioregionaldigital.com.br\/index.php?rest_route=\/wp\/v2\/media\/111252"}],"wp:attachment":[{"href":"https:\/\/diarioregionaldigital.com.br\/index.php?rest_route=%2Fwp%2Fv2%2Fmedia&parent=111250"}],"wp:term":[{"taxonomy":"category","embeddable":true,"href":"https:\/\/diarioregionaldigital.com.br\/index.php?rest_route=%2Fwp%2Fv2%2Fcategories&post=111250"},{"taxonomy":"post_tag","embeddable":true,"href":"https:\/\/diarioregionaldigital.com.br\/index.php?rest_route=%2Fwp%2Fv2%2Ftags&post=111250"}],"curies":[{"name":"wp","href":"https:\/\/api.w.org\/{rel}","templated":true}]}}