{"id":110979,"date":"2018-07-10T12:59:06","date_gmt":"2018-07-10T15:59:06","guid":{"rendered":"http:\/\/diarioregionaljf.com.br\/?p=110979"},"modified":"2018-07-10T12:59:06","modified_gmt":"2018-07-10T15:59:06","slug":"inscricoes-abertas-para-primeiro-plano-2018-festival-de-cinema-de-juiz-de-fora-e-mercocidades","status":"publish","type":"post","link":"https:\/\/diarioregionaldigital.com.br\/?p=110979","title":{"rendered":"Inscri\u00e7\u00f5es abertas para Primeiro Plano 2018 &#8211; Festival de Cinema de Juiz de Fora e Mercocidades"},"content":{"rendered":"<p>Est\u00e3o abertas as inscri\u00e7\u00f5es para a 17\u00aa edi\u00e7\u00e3o do Primeiro Plano \u2013 Festival de Cinema de Juiz de Fora e Mercocidades. Diretores de curtas-metragens podem inscrever seus trabalhos at\u00e9 o dia 24 de agosto, atrav\u00e9s do site\u00a0<a id=\"m_4279526096302786910LPlnk277487\" class=\"m_4279526096302786910OWAAutoLink\" href=\"http:\/\/www.primeiroplano.art.br\/\" target=\"_blank\" rel=\"noopener noreferrer\" data-saferedirecturl=\"https:\/\/www.google.com\/url?q=http:\/\/www.primeiroplano.art.br\/&amp;source=gmail&amp;ust=1531323508527000&amp;usg=AFQjCNF_eE0uq-5Tk7fQm70JAGTLSjtXVQ\">www.primeiroplano.art.br<\/a>. O evento \u00e9 dividido em duas mostras, a Regional, voltada para trabalhos desenvolvidos em Juiz de Fora e Zona da Mata; e a Mercocidades, que tem como p\u00fablico-alvo filmes produzidos na Am\u00e9rica do Sul de diretores estreantes. Ambas as mostras s\u00e3o competitivas, com avalia\u00e7\u00f5es feitas por j\u00faris especializado e popular. O festival est\u00e1 previsto para acontecer em Juiz de Fora, entre os dias 5 e 10 de novembro.<\/p>\n<p>Para participar do festival de cinema Primeiro Plano 2018 na Mostra Competitiva Regional, os interessados devem atender a alguns requisitos. Entre eles, ter filme curta-metragem de cineasta residente em Juiz de Fora e Zona da Mata. J\u00e1 a Mostra Competitiva Mercocidades tem como p\u00fablico-alvo diretores estreantes de toda a Am\u00e9rica do Sul.<\/p>\n<p>Para ambas as categorias, os candidatos dever\u00e3o preencher um formul\u00e1rio online, no site do evento. Poder\u00e3o concorrer trabalhos realizados a partir de 2017, desde que n\u00e3o tenham como finalidade a divulga\u00e7\u00e3o de empresas e\/ou institui\u00e7\u00f5es. A dura\u00e7\u00e3o m\u00e1xima da exibi\u00e7\u00e3o n\u00e3o poder\u00e1 passar dos 20 minutos.<\/p>\n<p>O link do curta-metragem, devidamente hospedado em site de compartilhamento, dever\u00e1 ser enviado ao e-mail\u00a0<a id=\"m_4279526096302786910LPlnk94006\" class=\"m_4279526096302786910OWAAutoLink\" href=\"mailto:inscricoes@primeiroplano.art.br\" target=\"_blank\" rel=\"noopener noreferrer\">inscricoes@primeiroplan<wbr \/>o.art.br<\/a>. No caso de apresenta\u00e7\u00e3o do filme em DVD, este dever\u00e1 ser entregue na\u00a0Avenida Itamar Franco 728\/503 &#8211; Centro de Juiz de Fora &#8211; CEP 36010-020, at\u00e9 o dia 24 de agosto.<\/p>\n<p><b>As premia\u00e7\u00f5es<br \/>\n<\/b><br \/>\nNa mostra Mercocidades, os filmes concorrem aos pr\u00eamios regulares de um festival. Entre as categorias, est\u00e3o dire\u00e7\u00e3o, som, fotografia, montagem, atua\u00e7\u00e3o, trilha musical, dire\u00e7\u00e3o de arte e melhor filme. A avalia\u00e7\u00e3o ser\u00e1 feita por um j\u00fari especializado, al\u00e9m do j\u00fari popular, formado pelos espectadores.<\/p>\n<p>A Mostra Regional distribuir\u00e1 tr\u00eas pr\u00eamios: o Melhor Filme pelo j\u00fari popular; o Luzes da Cidade &#8211; com avalia\u00e7\u00f5es dos diretores participantes da Mostra Mercocidades -, com pr\u00eamio de R$ 500; e o Incentivo Primeiro Plano, voltado ao melhor curta-metragem desenvolvido por universit\u00e1rios matriculados em institui\u00e7\u00f5es de ensino superior de Juiz de Fora. O pr\u00eamio para esta categoria \u00e9 de R$ 9 mil para a realiza\u00e7\u00e3o de um novo filme.<\/p>\n<p><b>O Festival<\/b><\/p>\n<p>O Primeiro Plano 2018 \u2013 Festival de Cinema de Juiz de Fora e Mercocidades \u00e9 uma realiza\u00e7\u00e3o do Luzes da Cidade, formado por um grupo de cin\u00e9filos e produtores culturais. O evento tem como objetivo incentivar e dar visibilidade a diretores estreantes da regi\u00e3o e da Am\u00e9rica do Sul.<\/p>\n<p>&nbsp;<\/p>\n<p>Fonte: Assessoria<\/p>\n","protected":false},"excerpt":{"rendered":"<p>Est\u00e3o abertas as inscri\u00e7\u00f5es para a 17\u00aa edi\u00e7\u00e3o do Primeiro Plano \u2013 Festival de Cinema de Juiz de Fora e Mercocidades. Diretores de curtas-metragens podem inscrever seus trabalhos at\u00e9 o dia 24 de agosto, atrav\u00e9s do site\u00a0www.primeiroplano.art.br. O evento \u00e9 dividido em duas mostras, a Regional, voltada para trabalhos desenvolvidos em Juiz de Fora e [&hellip;]<\/p>\n","protected":false},"author":96,"featured_media":110981,"comment_status":"closed","ping_status":"closed","sticky":false,"template":"","format":"standard","meta":{"footnotes":""},"categories":[256,439],"tags":[],"class_list":["post-110979","post","type-post","status-publish","format-standard","has-post-thumbnail","hentry","category-cultura","category-ultima-hora"],"_links":{"self":[{"href":"https:\/\/diarioregionaldigital.com.br\/index.php?rest_route=\/wp\/v2\/posts\/110979","targetHints":{"allow":["GET"]}}],"collection":[{"href":"https:\/\/diarioregionaldigital.com.br\/index.php?rest_route=\/wp\/v2\/posts"}],"about":[{"href":"https:\/\/diarioregionaldigital.com.br\/index.php?rest_route=\/wp\/v2\/types\/post"}],"author":[{"embeddable":true,"href":"https:\/\/diarioregionaldigital.com.br\/index.php?rest_route=\/wp\/v2\/users\/96"}],"replies":[{"embeddable":true,"href":"https:\/\/diarioregionaldigital.com.br\/index.php?rest_route=%2Fwp%2Fv2%2Fcomments&post=110979"}],"version-history":[{"count":0,"href":"https:\/\/diarioregionaldigital.com.br\/index.php?rest_route=\/wp\/v2\/posts\/110979\/revisions"}],"wp:featuredmedia":[{"embeddable":true,"href":"https:\/\/diarioregionaldigital.com.br\/index.php?rest_route=\/wp\/v2\/media\/110981"}],"wp:attachment":[{"href":"https:\/\/diarioregionaldigital.com.br\/index.php?rest_route=%2Fwp%2Fv2%2Fmedia&parent=110979"}],"wp:term":[{"taxonomy":"category","embeddable":true,"href":"https:\/\/diarioregionaldigital.com.br\/index.php?rest_route=%2Fwp%2Fv2%2Fcategories&post=110979"},{"taxonomy":"post_tag","embeddable":true,"href":"https:\/\/diarioregionaldigital.com.br\/index.php?rest_route=%2Fwp%2Fv2%2Ftags&post=110979"}],"curies":[{"name":"wp","href":"https:\/\/api.w.org\/{rel}","templated":true}]}}