{"id":110975,"date":"2018-07-10T11:28:49","date_gmt":"2018-07-10T14:28:49","guid":{"rendered":"http:\/\/diarioregionaljf.com.br\/?p=110975"},"modified":"2018-07-10T11:28:49","modified_gmt":"2018-07-10T14:28:49","slug":"lenon-e-regularizado-e-esta-liberado-para-jogar-pelo-vasco","status":"publish","type":"post","link":"https:\/\/diarioregionaldigital.com.br\/?p=110975","title":{"rendered":"Lenon \u00e9 regularizado e est\u00e1 liberado para jogar pelo Vasco"},"content":{"rendered":"<p>O nome do lateral-direito Lenon consta no BID da CBF como jogador do Vasco da Gama, e o atleta est\u00e1 liberado para estrear pelo Clube, o que deve acontecer na pr\u00f3xima segunda-feira, 9, contra o Bahia, em partida decisiva pela Copa do Brasil.<\/p>\n<p>Lenon foi o primeiro refor\u00e7o da intertemporada do Vasco, anunciado antes da parada no Campeonato Brasileiro por causa da Copa do Mundo. Nos primeiros treinos realizados com o restante do grupo, foi apontado como um dos destaques e vem sendo escalado entre os titulares.<\/p>\n<p>Novo refor\u00e7o vasca\u00edno, agora regularizado e podendo entrar em campo, Lenon chegou ao Cruzmaltino emprestado pelo Guarani at\u00e9 o fim da temporada.<\/p>\n<p>Fonte: Noticias do Vasco<\/p>\n","protected":false},"excerpt":{"rendered":"<p>O nome do lateral-direito Lenon consta no BID da CBF como jogador do Vasco da Gama, e o atleta est\u00e1 liberado para estrear pelo Clube, o que deve acontecer na pr\u00f3xima segunda-feira, 9, contra o Bahia, em partida decisiva pela Copa do Brasil. Lenon foi o primeiro refor\u00e7o da intertemporada do Vasco, anunciado antes da [&hellip;]<\/p>\n","protected":false},"author":96,"featured_media":110976,"comment_status":"closed","ping_status":"closed","sticky":false,"template":"","format":"standard","meta":{"footnotes":""},"categories":[257,439],"tags":[],"class_list":["post-110975","post","type-post","status-publish","format-standard","has-post-thumbnail","hentry","category-esporte","category-ultima-hora"],"_links":{"self":[{"href":"https:\/\/diarioregionaldigital.com.br\/index.php?rest_route=\/wp\/v2\/posts\/110975","targetHints":{"allow":["GET"]}}],"collection":[{"href":"https:\/\/diarioregionaldigital.com.br\/index.php?rest_route=\/wp\/v2\/posts"}],"about":[{"href":"https:\/\/diarioregionaldigital.com.br\/index.php?rest_route=\/wp\/v2\/types\/post"}],"author":[{"embeddable":true,"href":"https:\/\/diarioregionaldigital.com.br\/index.php?rest_route=\/wp\/v2\/users\/96"}],"replies":[{"embeddable":true,"href":"https:\/\/diarioregionaldigital.com.br\/index.php?rest_route=%2Fwp%2Fv2%2Fcomments&post=110975"}],"version-history":[{"count":0,"href":"https:\/\/diarioregionaldigital.com.br\/index.php?rest_route=\/wp\/v2\/posts\/110975\/revisions"}],"wp:featuredmedia":[{"embeddable":true,"href":"https:\/\/diarioregionaldigital.com.br\/index.php?rest_route=\/wp\/v2\/media\/110976"}],"wp:attachment":[{"href":"https:\/\/diarioregionaldigital.com.br\/index.php?rest_route=%2Fwp%2Fv2%2Fmedia&parent=110975"}],"wp:term":[{"taxonomy":"category","embeddable":true,"href":"https:\/\/diarioregionaldigital.com.br\/index.php?rest_route=%2Fwp%2Fv2%2Fcategories&post=110975"},{"taxonomy":"post_tag","embeddable":true,"href":"https:\/\/diarioregionaldigital.com.br\/index.php?rest_route=%2Fwp%2Fv2%2Ftags&post=110975"}],"curies":[{"name":"wp","href":"https:\/\/api.w.org\/{rel}","templated":true}]}}