{"id":110971,"date":"2018-07-10T11:26:32","date_gmt":"2018-07-10T14:26:32","guid":{"rendered":"http:\/\/diarioregionaljf.com.br\/?p=110971"},"modified":"2018-07-10T11:26:32","modified_gmt":"2018-07-10T14:26:32","slug":"henrique-avancini-e-quarto-colocado-na-etapa-italiana-da-copa-do-mundo","status":"publish","type":"post","link":"https:\/\/diarioregionaldigital.com.br\/?p=110971","title":{"rendered":"Henrique Avancini \u00e9 quarto colocado na etapa Italiana da Copa do Mundo"},"content":{"rendered":"<p>Neste domingo, dia 8 de julho, o brasileiro Henrique Avancini voltou a estar entre os primeiros do Circuito Mundial de MTB\u00a0durante a etapa italiana da Copa do Mundo, que foi disputada em Val Di Sole. Atualmente Henrique ocupa a quarta coloca\u00e7\u00e3o no ranking mundial.<\/p>\n<p>A prova foi vencida pelo su\u00ed\u00e7o Nino Schurter, seguida pelo italiano Gerhard Kerschbaumer, e pelo holand\u00eas Mathieu Van Der Poel. Avancini fechou em quarto lugar, terminando a apenas 1min14s do campe\u00e3o.<\/p>\n<p>Durante o Short Track, disputado na sexta, Henrique Avancini j\u00e1 demonstrava estar bastante motivado e conquistou a oitava coloca\u00e7\u00e3o, resultado que garantiu sua largada na primeira fila.<\/p>\n<p>\u201cCome\u00e7amos a etapa italiana com uma intensidade surreal na prova de Short Track. Acabei conseguindo um resultado que me colocou na primeira fila de largada para o XCO e isso foi importante. Estou feliz pelo resultado e aos poucos vamos conseguindo evoluir para permanecer entre os primeiros colocados\u201d, declarou Henrique.<\/p>\n<p><strong>Fonte: CBC<\/strong><\/p>\n<p>&nbsp;<\/p>\n","protected":false},"excerpt":{"rendered":"<p>Neste domingo, dia 8 de julho, o brasileiro Henrique Avancini voltou a estar entre os primeiros do Circuito Mundial de MTB\u00a0durante a etapa italiana da Copa do Mundo, que foi disputada em Val Di Sole. Atualmente Henrique ocupa a quarta coloca\u00e7\u00e3o no ranking mundial. A prova foi vencida pelo su\u00ed\u00e7o Nino Schurter, seguida pelo italiano [&hellip;]<\/p>\n","protected":false},"author":96,"featured_media":110972,"comment_status":"closed","ping_status":"closed","sticky":false,"template":"","format":"standard","meta":{"footnotes":""},"categories":[257,439],"tags":[],"class_list":["post-110971","post","type-post","status-publish","format-standard","has-post-thumbnail","hentry","category-esporte","category-ultima-hora"],"_links":{"self":[{"href":"https:\/\/diarioregionaldigital.com.br\/index.php?rest_route=\/wp\/v2\/posts\/110971","targetHints":{"allow":["GET"]}}],"collection":[{"href":"https:\/\/diarioregionaldigital.com.br\/index.php?rest_route=\/wp\/v2\/posts"}],"about":[{"href":"https:\/\/diarioregionaldigital.com.br\/index.php?rest_route=\/wp\/v2\/types\/post"}],"author":[{"embeddable":true,"href":"https:\/\/diarioregionaldigital.com.br\/index.php?rest_route=\/wp\/v2\/users\/96"}],"replies":[{"embeddable":true,"href":"https:\/\/diarioregionaldigital.com.br\/index.php?rest_route=%2Fwp%2Fv2%2Fcomments&post=110971"}],"version-history":[{"count":0,"href":"https:\/\/diarioregionaldigital.com.br\/index.php?rest_route=\/wp\/v2\/posts\/110971\/revisions"}],"wp:featuredmedia":[{"embeddable":true,"href":"https:\/\/diarioregionaldigital.com.br\/index.php?rest_route=\/wp\/v2\/media\/110972"}],"wp:attachment":[{"href":"https:\/\/diarioregionaldigital.com.br\/index.php?rest_route=%2Fwp%2Fv2%2Fmedia&parent=110971"}],"wp:term":[{"taxonomy":"category","embeddable":true,"href":"https:\/\/diarioregionaldigital.com.br\/index.php?rest_route=%2Fwp%2Fv2%2Fcategories&post=110971"},{"taxonomy":"post_tag","embeddable":true,"href":"https:\/\/diarioregionaldigital.com.br\/index.php?rest_route=%2Fwp%2Fv2%2Ftags&post=110971"}],"curies":[{"name":"wp","href":"https:\/\/api.w.org\/{rel}","templated":true}]}}