{"id":110968,"date":"2018-07-10T11:22:45","date_gmt":"2018-07-10T14:22:45","guid":{"rendered":"http:\/\/diarioregionaljf.com.br\/?p=110968"},"modified":"2018-07-10T11:22:45","modified_gmt":"2018-07-10T14:22:45","slug":"bar-mirante-e-o-campeao-da-1a-copa-uniao-das-vilas","status":"publish","type":"post","link":"https:\/\/diarioregionaldigital.com.br\/?p=110968","title":{"rendered":"Bar Mirante \u00e9 o campe\u00e3o da 1\u00aa Copa \u201cUni\u00e3o das Vilas\u201d"},"content":{"rendered":"<p>A manh\u00e3 de domingo, 8, foi de emo\u00e7\u00f5es no \u201cN\u00facleo Travessia\u201d, na Vila Olavo Costa, durante as partidas que decidiram a 1\u00aa Copa \u201cUni\u00e3o das Vilas\u201d, realizada pela Secretaria de Esporte e Lazer (SEL), em parceria com a de Desenvolvimento Social (SDS), ambas da Prefeitura de Juiz de Fora (PJF). O campeonato foi solicita\u00e7\u00e3o da Associa\u00e7\u00e3o de Moradores da regi\u00e3o. Com torcida na arquibancada, o RDF venceu a equipe da Distribuidora Dami\u00e3o por 6 a 3 e levou o terceiro lugar da competi\u00e7\u00e3o. Com a camisa do time, a m\u00e3e de atleta do RDF, dona Eliana Queiroga acompanhava o jogo. Para ela, \u00e9 muito bom ter eventos assim no \u201cTravessia\u201d: \u201cTorci bastante. Tamb\u00e9m fa\u00e7o a gin\u00e1stica do Programa \u2018JF Esporte e Cidadania\u201d, da SEL, oferecido aqui no bairro.\u201d<\/p>\n<p>Em seguida, os atletas do Bar Mirante e do Meninos da Vila entraram em campo para a grande final. E a torcida ferveu. O jogo acabou em 2 a 2 e a decis\u00e3o foi para os p\u00eanaltis. Os goleiros deram show \u00e0 parte, e o Bar Mirante levou a melhor, vencendo por 2 x 1. Era do campe\u00e3o a torcida organizada, uniformizada, de todas as idades, de olho em cada lance, junto ao alambrado do campo. A dona do com\u00e9rcio que deu nome \u00e0 equipe se mostrava apreensiva. Sueli Toledo \u00e9 a presidente do time, e explicou que a agremia\u00e7\u00e3o foi formada h\u00e1 seis anos pelos genros e amigos que frequentavam o estabelecimento, e at\u00e9 j\u00e1 disputaram a \u201cCopa Prefeitura\/Bahamas de Futebol Amador\u201d: \u201cEventos assim s\u00e3o muito importantes, para mostrar que temos coisas boas aqui no bairro. Por isso, quando recebemos o convite da Associa\u00e7\u00e3o de Moradores, aceitamos na hora.\u201d<\/p>\n<p>Al\u00e9m dos trof\u00e9us e medalhas do campe\u00e3o, vice e terceiro lugar, tamb\u00e9m aconteceram as premia\u00e7\u00f5es de defesa menos vazada, trof\u00e9u disciplina e artilheiro. Bar Mirante, Meninos da Vila e Lucas Latuque, do RDF (seis gols), respectivamente, levaram os pr\u00eamios. A primeira edi\u00e7\u00e3o da Copa \u201cUni\u00e3o das Vilas\u201d reuniu equipes formadas por moradores das vilas Olavo Costa, Ideal, Solidariedade e Furtado de Menezes. Foram realizadas 16 partidas, com mais de 120 jogadores inscritos. A SEL foi respons\u00e1vel tamb\u00e9m pela formaliza\u00e7\u00e3o do regulamento, pelos congressos t\u00e9cnicos e a tabela de jogos. A SDS, atrav\u00e9s do n\u00facleo, garantiu infraestrutura para as partidas. A arbitragem foi da Liga Regional de Fut 7.<\/p>\n<p>Fonte: Assessoria\/ SEL<\/p>\n","protected":false},"excerpt":{"rendered":"<p>A manh\u00e3 de domingo, 8, foi de emo\u00e7\u00f5es no \u201cN\u00facleo Travessia\u201d, na Vila Olavo Costa, durante as partidas que decidiram a 1\u00aa Copa \u201cUni\u00e3o das Vilas\u201d, realizada pela Secretaria de Esporte e Lazer (SEL), em parceria com a de Desenvolvimento Social (SDS), ambas da Prefeitura de Juiz de Fora (PJF). O campeonato foi solicita\u00e7\u00e3o da [&hellip;]<\/p>\n","protected":false},"author":96,"featured_media":110969,"comment_status":"closed","ping_status":"closed","sticky":false,"template":"","format":"standard","meta":{"footnotes":""},"categories":[257,439],"tags":[],"class_list":["post-110968","post","type-post","status-publish","format-standard","has-post-thumbnail","hentry","category-esporte","category-ultima-hora"],"_links":{"self":[{"href":"https:\/\/diarioregionaldigital.com.br\/index.php?rest_route=\/wp\/v2\/posts\/110968","targetHints":{"allow":["GET"]}}],"collection":[{"href":"https:\/\/diarioregionaldigital.com.br\/index.php?rest_route=\/wp\/v2\/posts"}],"about":[{"href":"https:\/\/diarioregionaldigital.com.br\/index.php?rest_route=\/wp\/v2\/types\/post"}],"author":[{"embeddable":true,"href":"https:\/\/diarioregionaldigital.com.br\/index.php?rest_route=\/wp\/v2\/users\/96"}],"replies":[{"embeddable":true,"href":"https:\/\/diarioregionaldigital.com.br\/index.php?rest_route=%2Fwp%2Fv2%2Fcomments&post=110968"}],"version-history":[{"count":0,"href":"https:\/\/diarioregionaldigital.com.br\/index.php?rest_route=\/wp\/v2\/posts\/110968\/revisions"}],"wp:featuredmedia":[{"embeddable":true,"href":"https:\/\/diarioregionaldigital.com.br\/index.php?rest_route=\/wp\/v2\/media\/110969"}],"wp:attachment":[{"href":"https:\/\/diarioregionaldigital.com.br\/index.php?rest_route=%2Fwp%2Fv2%2Fmedia&parent=110968"}],"wp:term":[{"taxonomy":"category","embeddable":true,"href":"https:\/\/diarioregionaldigital.com.br\/index.php?rest_route=%2Fwp%2Fv2%2Fcategories&post=110968"},{"taxonomy":"post_tag","embeddable":true,"href":"https:\/\/diarioregionaldigital.com.br\/index.php?rest_route=%2Fwp%2Fv2%2Ftags&post=110968"}],"curies":[{"name":"wp","href":"https:\/\/api.w.org\/{rel}","templated":true}]}}