{"id":110953,"date":"2018-07-10T09:17:21","date_gmt":"2018-07-10T12:17:21","guid":{"rendered":"http:\/\/diarioregionaljf.com.br\/?p=110953"},"modified":"2018-07-10T09:17:42","modified_gmt":"2018-07-10T12:17:42","slug":"rapaz-alcoolizado-e-sem-habilitacao-atropela-menina-no-bairro-vila-esperanca","status":"publish","type":"post","link":"https:\/\/diarioregionaldigital.com.br\/?p=110953","title":{"rendered":"Rapaz alcoolizado e sem habilita\u00e7\u00e3o atropela menina no bairro Vila Esperan\u00e7a"},"content":{"rendered":"<p>Um rapaz de 18 anos foi preso ap\u00f3s atropelar uma menina de 10 anos na Rua Jo\u00e3o Ribeiro de Novais, no bairro Vila Esperan\u00e7a, Zona Norte de Juiz de Fora, na noite dessa segunda-feira, 9. De acordo com a Pol\u00edcia Militar (PM), o autor estava alcoolizado e n\u00e3o possui carteira de motorista.<\/p>\n<p>O jovem relatou aos militares que havia bebido vinho e posteriormente resolveu sair com o carro. Ao fazer uma manobra de r\u00e9 para retirar o ve\u00edculo da garagem de casa, ele teria perdido o controle direcional do mesmo, vindo a atingir a menina, que brincava na cal\u00e7ada.<\/p>\n<p>A crian\u00e7a sofreu uma fratura na perna esquerda e foi encaminhada ao Hospital de Pronto Socorro (HPS), onde permaneceu internada.<\/p>\n<p>O autor foi submetido a um teste de alcoolemia, que confirmou a embriaguez. Ele foi preso e conduzido \u00e0 delegacia. O ve\u00edculo do rapaz foi incendiado no local por pessoas que se revoltaram contra a situa\u00e7\u00e3o. Nenhum autor do a\u00e7\u00e3o foi identificado.<\/p>\n","protected":false},"excerpt":{"rendered":"<p>Um rapaz de 18 anos foi preso ap\u00f3s atropelar uma menina de 10 anos na Rua Jo\u00e3o Ribeiro de Novais, no bairro Vila Esperan\u00e7a, Zona Norte de Juiz de Fora, na noite dessa segunda-feira, 9. De acordo com a Pol\u00edcia Militar (PM), o autor estava alcoolizado e n\u00e3o possui carteira de motorista. O jovem relatou [&hellip;]<\/p>\n","protected":false},"author":96,"featured_media":95836,"comment_status":"closed","ping_status":"closed","sticky":false,"template":"","format":"standard","meta":{"footnotes":""},"categories":[301,439],"tags":[],"class_list":["post-110953","post","type-post","status-publish","format-standard","has-post-thumbnail","hentry","category-artigos-policiais","category-ultima-hora"],"_links":{"self":[{"href":"https:\/\/diarioregionaldigital.com.br\/index.php?rest_route=\/wp\/v2\/posts\/110953","targetHints":{"allow":["GET"]}}],"collection":[{"href":"https:\/\/diarioregionaldigital.com.br\/index.php?rest_route=\/wp\/v2\/posts"}],"about":[{"href":"https:\/\/diarioregionaldigital.com.br\/index.php?rest_route=\/wp\/v2\/types\/post"}],"author":[{"embeddable":true,"href":"https:\/\/diarioregionaldigital.com.br\/index.php?rest_route=\/wp\/v2\/users\/96"}],"replies":[{"embeddable":true,"href":"https:\/\/diarioregionaldigital.com.br\/index.php?rest_route=%2Fwp%2Fv2%2Fcomments&post=110953"}],"version-history":[{"count":0,"href":"https:\/\/diarioregionaldigital.com.br\/index.php?rest_route=\/wp\/v2\/posts\/110953\/revisions"}],"wp:featuredmedia":[{"embeddable":true,"href":"https:\/\/diarioregionaldigital.com.br\/index.php?rest_route=\/wp\/v2\/media\/95836"}],"wp:attachment":[{"href":"https:\/\/diarioregionaldigital.com.br\/index.php?rest_route=%2Fwp%2Fv2%2Fmedia&parent=110953"}],"wp:term":[{"taxonomy":"category","embeddable":true,"href":"https:\/\/diarioregionaldigital.com.br\/index.php?rest_route=%2Fwp%2Fv2%2Fcategories&post=110953"},{"taxonomy":"post_tag","embeddable":true,"href":"https:\/\/diarioregionaldigital.com.br\/index.php?rest_route=%2Fwp%2Fv2%2Ftags&post=110953"}],"curies":[{"name":"wp","href":"https:\/\/api.w.org\/{rel}","templated":true}]}}