{"id":110945,"date":"2018-07-10T08:45:27","date_gmt":"2018-07-10T11:45:27","guid":{"rendered":"http:\/\/diarioregionaljf.com.br\/?p=110945"},"modified":"2018-07-10T08:46:17","modified_gmt":"2018-07-10T11:46:17","slug":"dupla-armada-assalta-posto-de-combustiveis-no-cidade-do-sol","status":"publish","type":"post","link":"https:\/\/diarioregionaldigital.com.br\/?p=110945","title":{"rendered":"Dupla armada assalta posto de combust\u00edveis no Cidade do Sol"},"content":{"rendered":"<p>Dois assaltantes, um deles portando uma arma de fogo, assaltaram um posto de combust\u00edveis na Avenida Presidente Juscelino Kubitschek, bairro Cidade do Sol, Zona Norte, na noite dessa segunda-feira, 9.<\/p>\n<p>De acordo com informa\u00e7\u00f5es da Pol\u00edcia Militar (PM), dois funcion\u00e1rios do estabelecimento, de 30 e 41 anos, foram abordados pelos assaltantes, que roubaram das v\u00edtimas a quantia de R$438.<\/p>\n<p>Ap\u00f3s o crime, a dupla fugiu a p\u00e9 em sentido ao bairro J\u00f3quei Clube II. Ainda segundo a PM, foi realizado rastreamento, mas os assaltantes n\u00e3o foram localizados.<\/p>\n","protected":false},"excerpt":{"rendered":"<p>Dois assaltantes, um deles portando uma arma de fogo, assaltaram um posto de combust\u00edveis na Avenida Presidente Juscelino Kubitschek, bairro Cidade do Sol, Zona Norte, na noite dessa segunda-feira, 9. De acordo com informa\u00e7\u00f5es da Pol\u00edcia Militar (PM), dois funcion\u00e1rios do estabelecimento, de 30 e 41 anos, foram abordados pelos assaltantes, que roubaram das v\u00edtimas [&hellip;]<\/p>\n","protected":false},"author":96,"featured_media":95836,"comment_status":"closed","ping_status":"closed","sticky":false,"template":"","format":"standard","meta":{"footnotes":""},"categories":[301,439],"tags":[],"class_list":["post-110945","post","type-post","status-publish","format-standard","has-post-thumbnail","hentry","category-artigos-policiais","category-ultima-hora"],"_links":{"self":[{"href":"https:\/\/diarioregionaldigital.com.br\/index.php?rest_route=\/wp\/v2\/posts\/110945","targetHints":{"allow":["GET"]}}],"collection":[{"href":"https:\/\/diarioregionaldigital.com.br\/index.php?rest_route=\/wp\/v2\/posts"}],"about":[{"href":"https:\/\/diarioregionaldigital.com.br\/index.php?rest_route=\/wp\/v2\/types\/post"}],"author":[{"embeddable":true,"href":"https:\/\/diarioregionaldigital.com.br\/index.php?rest_route=\/wp\/v2\/users\/96"}],"replies":[{"embeddable":true,"href":"https:\/\/diarioregionaldigital.com.br\/index.php?rest_route=%2Fwp%2Fv2%2Fcomments&post=110945"}],"version-history":[{"count":0,"href":"https:\/\/diarioregionaldigital.com.br\/index.php?rest_route=\/wp\/v2\/posts\/110945\/revisions"}],"wp:featuredmedia":[{"embeddable":true,"href":"https:\/\/diarioregionaldigital.com.br\/index.php?rest_route=\/wp\/v2\/media\/95836"}],"wp:attachment":[{"href":"https:\/\/diarioregionaldigital.com.br\/index.php?rest_route=%2Fwp%2Fv2%2Fmedia&parent=110945"}],"wp:term":[{"taxonomy":"category","embeddable":true,"href":"https:\/\/diarioregionaldigital.com.br\/index.php?rest_route=%2Fwp%2Fv2%2Fcategories&post=110945"},{"taxonomy":"post_tag","embeddable":true,"href":"https:\/\/diarioregionaldigital.com.br\/index.php?rest_route=%2Fwp%2Fv2%2Ftags&post=110945"}],"curies":[{"name":"wp","href":"https:\/\/api.w.org\/{rel}","templated":true}]}}