{"id":110920,"date":"2018-07-10T08:22:27","date_gmt":"2018-07-10T11:22:27","guid":{"rendered":"http:\/\/diarioregionaljf.com.br\/?p=110920"},"modified":"2018-07-10T08:22:27","modified_gmt":"2018-07-10T11:22:27","slug":"secretaria-de-obras-finaliza-intervencoes-no-bairro-sao-bernardo-e-na-vila-montanhesa","status":"publish","type":"post","link":"https:\/\/diarioregionaldigital.com.br\/?p=110920","title":{"rendered":"Secretaria de Obras finaliza interven\u00e7\u00f5es no Bairro S\u00e3o Bernardo e na Vila Montanhesa"},"content":{"rendered":"<p>A Secretaria de Obras (SO) da Prefeitura de Juiz de Fora (PJF) finalizou nessa segunda-feira, 9, a constru\u00e7\u00e3o de muro de conten\u00e7\u00e3o na Rua Benjamin El\u00eddio Faria, na Vila Montanhesa, regi\u00e3o nordeste, com 15 metros de comprimento e 1,20 metro de altura. Al\u00e9m disso, foi refeito o passeio do local, que possibilitar\u00e1 mais seguran\u00e7a aos pedestres.<\/p>\n<p>A SO concluiu, tamb\u00e9m, a coloca\u00e7\u00e3o de meio-fio e levantamento de mureta na Rua Avelino Debortoli, no Bairro S\u00e3o Bernardo, regi\u00e3o leste. Com cerca de 230 metros de extens\u00e3o, a interven\u00e7\u00e3o tem como objetivo facilitar o direcionamento da \u00e1gua das chuvas.<\/p>\n<p>&nbsp;<\/p>\n<p>Fonte: Assessoria<\/p>\n","protected":false},"excerpt":{"rendered":"<p>A Secretaria de Obras (SO) da Prefeitura de Juiz de Fora (PJF) finalizou nessa segunda-feira, 9, a constru\u00e7\u00e3o de muro de conten\u00e7\u00e3o na Rua Benjamin El\u00eddio Faria, na Vila Montanhesa, regi\u00e3o nordeste, com 15 metros de comprimento e 1,20 metro de altura. Al\u00e9m disso, foi refeito o passeio do local, que possibilitar\u00e1 mais seguran\u00e7a aos [&hellip;]<\/p>\n","protected":false},"author":96,"featured_media":110923,"comment_status":"closed","ping_status":"closed","sticky":false,"template":"","format":"standard","meta":{"footnotes":""},"categories":[253,436,439],"tags":[],"class_list":["post-110920","post","type-post","status-publish","format-standard","has-post-thumbnail","hentry","category-cidade","category-destaque-da-semana","category-ultima-hora"],"_links":{"self":[{"href":"https:\/\/diarioregionaldigital.com.br\/index.php?rest_route=\/wp\/v2\/posts\/110920","targetHints":{"allow":["GET"]}}],"collection":[{"href":"https:\/\/diarioregionaldigital.com.br\/index.php?rest_route=\/wp\/v2\/posts"}],"about":[{"href":"https:\/\/diarioregionaldigital.com.br\/index.php?rest_route=\/wp\/v2\/types\/post"}],"author":[{"embeddable":true,"href":"https:\/\/diarioregionaldigital.com.br\/index.php?rest_route=\/wp\/v2\/users\/96"}],"replies":[{"embeddable":true,"href":"https:\/\/diarioregionaldigital.com.br\/index.php?rest_route=%2Fwp%2Fv2%2Fcomments&post=110920"}],"version-history":[{"count":0,"href":"https:\/\/diarioregionaldigital.com.br\/index.php?rest_route=\/wp\/v2\/posts\/110920\/revisions"}],"wp:featuredmedia":[{"embeddable":true,"href":"https:\/\/diarioregionaldigital.com.br\/index.php?rest_route=\/wp\/v2\/media\/110923"}],"wp:attachment":[{"href":"https:\/\/diarioregionaldigital.com.br\/index.php?rest_route=%2Fwp%2Fv2%2Fmedia&parent=110920"}],"wp:term":[{"taxonomy":"category","embeddable":true,"href":"https:\/\/diarioregionaldigital.com.br\/index.php?rest_route=%2Fwp%2Fv2%2Fcategories&post=110920"},{"taxonomy":"post_tag","embeddable":true,"href":"https:\/\/diarioregionaldigital.com.br\/index.php?rest_route=%2Fwp%2Fv2%2Ftags&post=110920"}],"curies":[{"name":"wp","href":"https:\/\/api.w.org\/{rel}","templated":true}]}}