{"id":110912,"date":"2018-07-10T08:12:04","date_gmt":"2018-07-10T11:12:04","guid":{"rendered":"http:\/\/diarioregionaljf.com.br\/?p=110912"},"modified":"2018-07-10T08:12:04","modified_gmt":"2018-07-10T11:12:04","slug":"conheca-os-cuidados-ao-contratar-credito-para-limpar-nome","status":"publish","type":"post","link":"https:\/\/diarioregionaldigital.com.br\/?p=110912","title":{"rendered":"Conhe\u00e7a os cuidados ao contratar cr\u00e9dito para limpar nome"},"content":{"rendered":"<p>Contratar um empr\u00e9stimo para negativados foi a sa\u00edda que 16% dos brasileiros endividados encontraram para tentar limpar o nome nos \u00faltimos 12 meses. Mas, para quase metade, a conta saiu mais cara do que deveria.<\/p>\n<p>&nbsp;<\/p>\n<p>Segundo revelou um levantamento do SPC Brasil, 43,5% dos cidad\u00e3os que pegaram dinheiro emprestado mesmo com o CPF restrito continuam com d\u00edvidas. Desse total, 20,5% n\u00e3o conseguiram sequer limpar o nome e ainda ter\u00e3o que pagar pelo empr\u00e9stimo. Outros 10,3% sa\u00edram da inadimpl\u00eancia, mas n\u00e3o sabem se ter\u00e3o como pagar todo o valor financiado. Uma das principais raz\u00f5es para o inadimplente fazer a d\u00edvida virar uma bola de neve s\u00e3o os juros dessa modalidade. Pesquisa do Idec (Instituto Brasileiro de Defesa do Consumidor) de 2016 mostrou que, em m\u00e9dia, a taxa \u00e9 de 20% no m\u00eas, atingindo at\u00e9 1.000% no ano.<\/p>\n<p>&nbsp;<\/p>\n<p>Ione Amorim, economista do Idec, explica que, em situa\u00e7\u00f5es de desespero, o endividado n\u00e3o pensa nas consequ\u00eancias e s\u00f3 aceita o dinheiro. &#8220;As pessoas costumam contrair essa nova d\u00edvida sem nenhuma orienta\u00e7\u00e3o. As empresas usam a publicidade para seduzir o consumidor que, muitas vezes, por falta de educa\u00e7\u00e3o financeira, cai na conversa&#8221;, diz.<\/p>\n<p>&nbsp;<\/p>\n<p>Ione orienta que antes de fechar o empr\u00e9stimo, o inadimplente busque outras alternativas. &#8220;Esse ciclo precisa ser interrompido&#8221;, afirma.<\/p>\n<p>&nbsp;<\/p>\n<p>Segundo Cintia Senna, educadora financeira, os endividados precisam de controle emocional para lidar com press\u00f5es de todos os lados. &#8220;Ficar com o CPF restrito n\u00e3o impede a pessoa de continuar com vida normal. \u00c9 preciso aprender a lidar com cobran\u00e7as.&#8221;<\/p>\n<p>&nbsp;<\/p>\n<p><strong>ORIENTA\u00c7\u00c3O<\/strong><\/p>\n<p>Buscar orienta\u00e7\u00e3o financeira \u00e9 a principal atitude que o inadimplente precisa para sair do ciclo de d\u00edvidas. Senna explica que resolver o endividamento \u00e9 s\u00f3 o primeiro passo. &#8220;O caminho \u00e9 longo e \u00e9 necess\u00e1rio refletir sobre os impulsos que levaram a pessoa a gastar tanto.&#8221;<\/p>\n<p>&nbsp;<\/p>\n<p>Al\u00e9m disso, diz ela, \u00e9 preciso aprender a lidar com a sedu\u00e7\u00e3o das compras parceladas.<\/p>\n<p>&nbsp;<\/p>\n","protected":false},"excerpt":{"rendered":"<p>Contratar um empr\u00e9stimo para negativados foi a sa\u00edda que 16% dos brasileiros endividados encontraram para tentar limpar o nome nos \u00faltimos 12 meses. Mas, para quase metade, a conta saiu mais cara do que deveria. &nbsp; Segundo revelou um levantamento do SPC Brasil, 43,5% dos cidad\u00e3os que pegaram dinheiro emprestado mesmo com o CPF restrito [&hellip;]<\/p>\n","protected":false},"author":96,"featured_media":110913,"comment_status":"closed","ping_status":"closed","sticky":false,"template":"","format":"standard","meta":{"footnotes":""},"categories":[436,261,439],"tags":[],"class_list":["post-110912","post","type-post","status-publish","format-standard","has-post-thumbnail","hentry","category-destaque-da-semana","category-economia","category-ultima-hora"],"_links":{"self":[{"href":"https:\/\/diarioregionaldigital.com.br\/index.php?rest_route=\/wp\/v2\/posts\/110912","targetHints":{"allow":["GET"]}}],"collection":[{"href":"https:\/\/diarioregionaldigital.com.br\/index.php?rest_route=\/wp\/v2\/posts"}],"about":[{"href":"https:\/\/diarioregionaldigital.com.br\/index.php?rest_route=\/wp\/v2\/types\/post"}],"author":[{"embeddable":true,"href":"https:\/\/diarioregionaldigital.com.br\/index.php?rest_route=\/wp\/v2\/users\/96"}],"replies":[{"embeddable":true,"href":"https:\/\/diarioregionaldigital.com.br\/index.php?rest_route=%2Fwp%2Fv2%2Fcomments&post=110912"}],"version-history":[{"count":0,"href":"https:\/\/diarioregionaldigital.com.br\/index.php?rest_route=\/wp\/v2\/posts\/110912\/revisions"}],"wp:featuredmedia":[{"embeddable":true,"href":"https:\/\/diarioregionaldigital.com.br\/index.php?rest_route=\/wp\/v2\/media\/110913"}],"wp:attachment":[{"href":"https:\/\/diarioregionaldigital.com.br\/index.php?rest_route=%2Fwp%2Fv2%2Fmedia&parent=110912"}],"wp:term":[{"taxonomy":"category","embeddable":true,"href":"https:\/\/diarioregionaldigital.com.br\/index.php?rest_route=%2Fwp%2Fv2%2Fcategories&post=110912"},{"taxonomy":"post_tag","embeddable":true,"href":"https:\/\/diarioregionaldigital.com.br\/index.php?rest_route=%2Fwp%2Fv2%2Ftags&post=110912"}],"curies":[{"name":"wp","href":"https:\/\/api.w.org\/{rel}","templated":true}]}}