{"id":110905,"date":"2018-07-10T07:57:50","date_gmt":"2018-07-10T10:57:50","guid":{"rendered":"http:\/\/diarioregionaljf.com.br\/?p=110905"},"modified":"2018-07-10T07:58:28","modified_gmt":"2018-07-10T10:58:28","slug":"no-brasil-malala-defende-que-a-educacao-e-o-melhor-investimento","status":"publish","type":"post","link":"https:\/\/diarioregionaldigital.com.br\/?p=110905","title":{"rendered":"No Brasil, Malala defende que a educa\u00e7\u00e3o \u00e9 o melhor investimento"},"content":{"rendered":"<p>A ativista paquistanesa Malala Yousafzai, em visita ontem, 9, \u00e0 capital paulista, defendeu a educa\u00e7\u00e3o a longo prazo como melhor investimento, em especial para o desenvolvimento feminino. \u201cO empoderamento das meninas vem da educa\u00e7\u00e3o, tem a ver com emancipa\u00e7\u00e3o\u201d, disse. Ela participou de evento promovido pelo Ita\u00fa Unibanco, no Audit\u00f3rio Ibirapuera.<\/p>\n<p>Malala \u00e9 a pessoa mais jovem a receber um Pr\u00eamio Nobel da Paz, aos 17 anos de idade. Com 15 anos, ela foi baleada pelo Talib\u00e3 por se manifestar contra a proibi\u00e7\u00e3o da educa\u00e7\u00e3o para mulheres. A paquistanesa lembra que, quando era uma aluna em seu pa\u00eds, outras colegas de sua classe tamb\u00e9m defendiam a educa\u00e7\u00e3o feminina. \u201cA diferen\u00e7a \u00e9 que os meus pais nunca me impediram de falar o que eu pensava\u201d, disse.<\/p>\n<p>A ativista lembrou uma situa\u00e7\u00e3o em que uma colega da escola chegou atrasada para aula. A garota tinha de esperar os pais sa\u00edrem de casa e, assim, sair para estudar escondida. \u201cO papel dos pais e das m\u00e3es \u00e9 fundamental no empoderamento feminino\u201d, disse. \u201c\u00c9 importante que as mulheres se expressem, as mulheres t\u00eam que quebrar essas barreiras\u201d, completou.<\/p>\n<p>&nbsp;<\/p>\n<p><span style=\"font-size: 12pt;\"><strong>VIAGEM AO BRASIL<\/strong><\/span><\/p>\n<p>A ativista disse que um dos seus objetivos no Brasil \u00e9 \u201cachar meios para que as 1,5 milh\u00e3o de meninas [fora da escola] tenham acesso \u00e0 educa\u00e7\u00e3o\u201d. Outra raz\u00e3o que levou Malala a viajar para o Brasil foi a for\u00e7a dos ativistas locais descobertos por ela. A ativista quer promover a educa\u00e7\u00e3o entre as comunidades menos favorecidas do Brasil, especialmente as afro-brasileiras.<\/p>\n<p>\u201cTrabalhando junto com os defensores da educa\u00e7\u00e3o e podendo dar a todas as pessoas, que vem das camadas menos privilegiadas, a esperan\u00e7a de que todos em volta se sintam seguras em receber educa\u00e7\u00e3o de alta qualidade\u201d, disse. Malala afirmou ainda que vai anunciar, em breve, um projeto do Fundo Malala para que a educa\u00e7\u00e3o seja abordada pelas campanhas eleitorais.<\/p>\n<p>Participou tamb\u00e9m do debate sobre o assunto, a ativista T\u00e1bata Amaral, de 24 anos, nascida na periferia de S\u00e3o Paulo, que representou o Brasil em competi\u00e7\u00f5es internacionais de ci\u00eancias e estuda astrof\u00edsica em Harvard. T\u00e1bata questionou sobre a possibilidade da uni\u00e3o entre os ativistas internacionais. Em resposta, Malala disse acreditar na solu\u00e7\u00e3o nascida entre os l\u00edderes comunit\u00e1rios. \u201cTemos que ir \u00e0s comunidades de base e trabalhar com os ativistas locais, que entendem os problemas e sabem a melhor maneira de resolv\u00ea-los\u201d, disse.<\/p>\n<p>&nbsp;<\/p>\n<p><span style=\"font-size: 12pt;\"><strong>LEITURA<\/strong><\/span><\/p>\n<p>Outra participante foi a escritora mineira Concei\u00e7\u00e3o Evaristo, doutora em literatura comparada e vencedora do Pr\u00eamio Jabuti na categoria contos pela obra &#8216;Olhos d&#8217;\u00c1gua&#8217; (2014). Concei\u00e7\u00e3o destacou o poder da leitura e da escrita incentivados por Malala, j\u00e1 que a adolescente partilhou a sua hist\u00f3ria e luta em seu livro.<\/p>\n<p>\u201cAs pessoas que n\u00e3o t\u00eam acesso [\u00e0 leitura], n\u00e3o t\u00eam uma cidadania completa. Que a sua presen\u00e7a fortifique essa ideia e o compromisso que o estado brasileiro precisa ter com a alfabetiza\u00e7\u00e3o\u201d, disse a escritora. \u201cA escrita amplia o seu papel, porque, enquanto leitor, voc\u00ea pode abarcar o mundo atrav\u00e9s da leitura. Mas quando voc\u00ea escreve, tem esse poder de interven\u00e7\u00e3o no mundo\u201d, acrescentou.<\/p>\n<p>Em resposta ao tema, Malala lembrou da hist\u00f3ria da pr\u00f3pria m\u00e3e, que parou de estudar aos seis anos. \u201cComo filha, estou lendo para a minha m\u00e3e, \u00e9 uma experi\u00eancia maravilhosa\u201d, disse. Segundo a paquistanesa, a sua m\u00e3e est\u00e1 estudando novamente, e este \u00e9 seu grande est\u00edmulo para continuar na buscar pela educa\u00e7\u00e3o das mulheres.<\/p>\n<p>&nbsp;<\/p>\n<p><strong>Fonte: Ag\u00eancia Brasil<\/strong><\/p>\n","protected":false},"excerpt":{"rendered":"<p>A ativista paquistanesa Malala Yousafzai, em visita ontem, 9, \u00e0 capital paulista, defendeu a educa\u00e7\u00e3o a longo prazo como melhor investimento, em especial para o desenvolvimento feminino. \u201cO empoderamento das meninas vem da educa\u00e7\u00e3o, tem a ver com emancipa\u00e7\u00e3o\u201d, disse. Ela participou de evento promovido pelo Ita\u00fa Unibanco, no Audit\u00f3rio Ibirapuera. Malala \u00e9 a pessoa [&hellip;]<\/p>\n","protected":false},"author":96,"featured_media":110906,"comment_status":"closed","ping_status":"closed","sticky":false,"template":"","format":"standard","meta":{"footnotes":""},"categories":[302,439],"tags":[],"class_list":["post-110905","post","type-post","status-publish","format-standard","has-post-thumbnail","hentry","category-brasil-mundo","category-ultima-hora"],"_links":{"self":[{"href":"https:\/\/diarioregionaldigital.com.br\/index.php?rest_route=\/wp\/v2\/posts\/110905","targetHints":{"allow":["GET"]}}],"collection":[{"href":"https:\/\/diarioregionaldigital.com.br\/index.php?rest_route=\/wp\/v2\/posts"}],"about":[{"href":"https:\/\/diarioregionaldigital.com.br\/index.php?rest_route=\/wp\/v2\/types\/post"}],"author":[{"embeddable":true,"href":"https:\/\/diarioregionaldigital.com.br\/index.php?rest_route=\/wp\/v2\/users\/96"}],"replies":[{"embeddable":true,"href":"https:\/\/diarioregionaldigital.com.br\/index.php?rest_route=%2Fwp%2Fv2%2Fcomments&post=110905"}],"version-history":[{"count":0,"href":"https:\/\/diarioregionaldigital.com.br\/index.php?rest_route=\/wp\/v2\/posts\/110905\/revisions"}],"wp:featuredmedia":[{"embeddable":true,"href":"https:\/\/diarioregionaldigital.com.br\/index.php?rest_route=\/wp\/v2\/media\/110906"}],"wp:attachment":[{"href":"https:\/\/diarioregionaldigital.com.br\/index.php?rest_route=%2Fwp%2Fv2%2Fmedia&parent=110905"}],"wp:term":[{"taxonomy":"category","embeddable":true,"href":"https:\/\/diarioregionaldigital.com.br\/index.php?rest_route=%2Fwp%2Fv2%2Fcategories&post=110905"},{"taxonomy":"post_tag","embeddable":true,"href":"https:\/\/diarioregionaldigital.com.br\/index.php?rest_route=%2Fwp%2Fv2%2Ftags&post=110905"}],"curies":[{"name":"wp","href":"https:\/\/api.w.org\/{rel}","templated":true}]}}