{"id":110899,"date":"2018-07-09T23:08:26","date_gmt":"2018-07-10T02:08:26","guid":{"rendered":"http:\/\/diarioregionaljf.com.br\/?p=110899"},"modified":"2018-07-09T23:08:26","modified_gmt":"2018-07-10T02:08:26","slug":"arraia-miscigenacao-marca-inicio-das-ferias-dos-alunos-de-capoeira-da-sel","status":"publish","type":"post","link":"https:\/\/diarioregionaldigital.com.br\/?p=110899","title":{"rendered":"\u201cArrai\u00e1 Miscigena\u00e7\u00e3o\u201d marca in\u00edcio das f\u00e9rias dos alunos de capoeira da SEL"},"content":{"rendered":"<p>Julho \u00e9 m\u00eas de comida gostosa e de dan\u00e7ar quadrilha. \u00c9 nesse ritmo que, na noite da segunda-feira, 9, as turmas de capoeira e capo fitness do Programa \u201cJF Esporte e Cidadania\u201d dos n\u00facleos dos bairros Filgueiras, Grama e Santa Terezinha se reunir\u00e3o no \u201cArrai\u00e1 Miscigena\u00e7\u00e3o\u201d. O programa \u00e9 iniciativa da Secretaria de Esporte e Lazer (SEL), da Prefeitura de Juiz de Fora (PJF), e o evento \u00e9 parte da programa\u00e7\u00e3o de f\u00e9rias escolares, que tem como objetivo reunir os alunos dos diferentes n\u00facleos.<\/p>\n<p>De acordo com o professor e mestre-capoeira Giovane Israel dos Santos, a capoeira \u00e9 uma grande manifesta\u00e7\u00e3o popular: \u201cPrecisamos ensinar os alunos as manifesta\u00e7\u00f5es culturais que fazem parte da hist\u00f3ria dos imigrantes do nosso pa\u00eds, e esta festa \u00e9 um exemplo.\u201d O evento est\u00e1 marcado para as 18h30, no Sal\u00e3o Comunit\u00e1rio do Bairro Grama, na Pra\u00e7a \u00c1ureo Gomes.<\/p>\n<p><strong>\u201cJF Esporte e Cidadania\u201d<\/strong><\/p>\n<p>A finalidade principal do programa \u00e9 levar atividade f\u00edsica e esportiva para a popula\u00e7\u00e3o, atendendo, de forma gratuita, crian\u00e7as e idosos, em diversas regi\u00f5es da cidade. Ao propor a\u00e7\u00f5es diferenciadas, qualificadas e de acesso a este p\u00fablico, o programa busca promover o desenvolvimento f\u00edsico, o exerc\u00edcio da cidadania e a inclus\u00e3o social, visando melhoria das condi\u00e7\u00f5es f\u00edsicas, emocionais e sociais, para alcan\u00e7ar qualidade de vida e aumento da autoestima. Para conhecer a programa\u00e7\u00e3o das aulas \u00e9 s\u00f3 acessar o link. Quem quiser participar, basta preencher a ficha de cadastro, que pode ser encontrada diretamente com o professor do hor\u00e1rio de interesse, e levar atestado m\u00e9dico.<\/p>\n<p>&nbsp;<\/p>\n<p><strong>Fonte: Assessoria\/SEL<\/strong><\/p>\n<p>&nbsp;<\/p>\n","protected":false},"excerpt":{"rendered":"<p>Julho \u00e9 m\u00eas de comida gostosa e de dan\u00e7ar quadrilha. \u00c9 nesse ritmo que, na noite da segunda-feira, 9, as turmas de capoeira e capo fitness do Programa \u201cJF Esporte e Cidadania\u201d dos n\u00facleos dos bairros Filgueiras, Grama e Santa Terezinha se reunir\u00e3o no \u201cArrai\u00e1 Miscigena\u00e7\u00e3o\u201d. O programa \u00e9 iniciativa da Secretaria de Esporte e [&hellip;]<\/p>\n","protected":false},"author":96,"featured_media":110900,"comment_status":"closed","ping_status":"closed","sticky":false,"template":"","format":"standard","meta":{"footnotes":""},"categories":[257,439],"tags":[],"class_list":["post-110899","post","type-post","status-publish","format-standard","has-post-thumbnail","hentry","category-esporte","category-ultima-hora"],"_links":{"self":[{"href":"https:\/\/diarioregionaldigital.com.br\/index.php?rest_route=\/wp\/v2\/posts\/110899","targetHints":{"allow":["GET"]}}],"collection":[{"href":"https:\/\/diarioregionaldigital.com.br\/index.php?rest_route=\/wp\/v2\/posts"}],"about":[{"href":"https:\/\/diarioregionaldigital.com.br\/index.php?rest_route=\/wp\/v2\/types\/post"}],"author":[{"embeddable":true,"href":"https:\/\/diarioregionaldigital.com.br\/index.php?rest_route=\/wp\/v2\/users\/96"}],"replies":[{"embeddable":true,"href":"https:\/\/diarioregionaldigital.com.br\/index.php?rest_route=%2Fwp%2Fv2%2Fcomments&post=110899"}],"version-history":[{"count":0,"href":"https:\/\/diarioregionaldigital.com.br\/index.php?rest_route=\/wp\/v2\/posts\/110899\/revisions"}],"wp:featuredmedia":[{"embeddable":true,"href":"https:\/\/diarioregionaldigital.com.br\/index.php?rest_route=\/wp\/v2\/media\/110900"}],"wp:attachment":[{"href":"https:\/\/diarioregionaldigital.com.br\/index.php?rest_route=%2Fwp%2Fv2%2Fmedia&parent=110899"}],"wp:term":[{"taxonomy":"category","embeddable":true,"href":"https:\/\/diarioregionaldigital.com.br\/index.php?rest_route=%2Fwp%2Fv2%2Fcategories&post=110899"},{"taxonomy":"post_tag","embeddable":true,"href":"https:\/\/diarioregionaldigital.com.br\/index.php?rest_route=%2Fwp%2Fv2%2Ftags&post=110899"}],"curies":[{"name":"wp","href":"https:\/\/api.w.org\/{rel}","templated":true}]}}