{"id":110896,"date":"2018-07-09T23:03:35","date_gmt":"2018-07-10T02:03:35","guid":{"rendered":"http:\/\/diarioregionaljf.com.br\/?p=110896"},"modified":"2018-07-09T23:03:35","modified_gmt":"2018-07-10T02:03:35","slug":"jogos-intercolegiais-equipe-juvenil-feminina-do-jesuitas-e-campea-do-fut-7","status":"publish","type":"post","link":"https:\/\/diarioregionaldigital.com.br\/?p=110896","title":{"rendered":"\u201cJogos Intercolegiais\u201d &#8211; Equipe juvenil feminina do Jesu\u00edtas \u00e9 campe\u00e3 do fut 7"},"content":{"rendered":"<p>A tarde da quinta-feira, 5, foi de emo\u00e7\u00e3o no Clube Bom Pastor. Ali, a bola rolou na final da categoria juvenil feminina de fut 7, nos \u201cJogos Intercolegiais\u201d, promovidos pela Secretaria de Esporte e Lazer (SEL), da Prefeitura de Juiz de Fora. A decis\u00e3o ficou entre as meninas do Col\u00e9gio dos Jesu\u00edtas, que venceram a Escola Estadual (E.E) \u201cMaria Elba Braga\u201d por 2 a 1. Os Jesu\u00edtas j\u00e1 conquistaram o t\u00edtulo de campe\u00e3o infantil feminino em 29 de junho, quando goleou o Col\u00e9gio Militar por 5 a 0.<\/p>\n<p>O fut 7 feminino contou com participa\u00e7\u00e3o de oito equipes juvenis e tr\u00eas infantis. A competi\u00e7\u00e3o infantil, com 45 atletas, foi disputada em triangular com todas as equipes se enfrentando. O juvenil, com 120 participantes, foi realizado em dupla eliminat\u00f3ria em 14 jogos.<\/p>\n<p><strong>\u201cJogos Intercolegiais\u201d<\/strong><\/p>\n<p>Organizados pelo Departamento de Inicia\u00e7\u00e3o, Forma\u00e7\u00e3o e Rendimento Esportivo da SEL, t\u00eam por finalidade incentivar as institui\u00e7\u00f5es de ensino da cidade \u00e0 participa\u00e7\u00e3o em atividades esportivas, promovendo ampla mobiliza\u00e7\u00e3o da juventude estudantil em torno do esporte e da integra\u00e7\u00e3o. A competi\u00e7\u00e3o envolve alunos das redes p\u00fablicas municipal, estadual e federal e da particular, com estudantes na faixa et\u00e1ria entre 12 e 17 anos. S\u00e3o disputadas 12 modalidades individuais e coletivas.<\/p>\n<p><strong>\u00a0<\/strong><\/p>\n<p><strong>Fonte: Assessoria\/SEL<\/strong><\/p>\n","protected":false},"excerpt":{"rendered":"<p>A tarde da quinta-feira, 5, foi de emo\u00e7\u00e3o no Clube Bom Pastor. Ali, a bola rolou na final da categoria juvenil feminina de fut 7, nos \u201cJogos Intercolegiais\u201d, promovidos pela Secretaria de Esporte e Lazer (SEL), da Prefeitura de Juiz de Fora. A decis\u00e3o ficou entre as meninas do Col\u00e9gio dos Jesu\u00edtas, que venceram a [&hellip;]<\/p>\n","protected":false},"author":96,"featured_media":110897,"comment_status":"closed","ping_status":"closed","sticky":false,"template":"","format":"standard","meta":{"footnotes":""},"categories":[257,439],"tags":[],"class_list":["post-110896","post","type-post","status-publish","format-standard","has-post-thumbnail","hentry","category-esporte","category-ultima-hora"],"_links":{"self":[{"href":"https:\/\/diarioregionaldigital.com.br\/index.php?rest_route=\/wp\/v2\/posts\/110896","targetHints":{"allow":["GET"]}}],"collection":[{"href":"https:\/\/diarioregionaldigital.com.br\/index.php?rest_route=\/wp\/v2\/posts"}],"about":[{"href":"https:\/\/diarioregionaldigital.com.br\/index.php?rest_route=\/wp\/v2\/types\/post"}],"author":[{"embeddable":true,"href":"https:\/\/diarioregionaldigital.com.br\/index.php?rest_route=\/wp\/v2\/users\/96"}],"replies":[{"embeddable":true,"href":"https:\/\/diarioregionaldigital.com.br\/index.php?rest_route=%2Fwp%2Fv2%2Fcomments&post=110896"}],"version-history":[{"count":0,"href":"https:\/\/diarioregionaldigital.com.br\/index.php?rest_route=\/wp\/v2\/posts\/110896\/revisions"}],"wp:featuredmedia":[{"embeddable":true,"href":"https:\/\/diarioregionaldigital.com.br\/index.php?rest_route=\/wp\/v2\/media\/110897"}],"wp:attachment":[{"href":"https:\/\/diarioregionaldigital.com.br\/index.php?rest_route=%2Fwp%2Fv2%2Fmedia&parent=110896"}],"wp:term":[{"taxonomy":"category","embeddable":true,"href":"https:\/\/diarioregionaldigital.com.br\/index.php?rest_route=%2Fwp%2Fv2%2Fcategories&post=110896"},{"taxonomy":"post_tag","embeddable":true,"href":"https:\/\/diarioregionaldigital.com.br\/index.php?rest_route=%2Fwp%2Fv2%2Ftags&post=110896"}],"curies":[{"name":"wp","href":"https:\/\/api.w.org\/{rel}","templated":true}]}}