{"id":110885,"date":"2018-07-10T06:00:42","date_gmt":"2018-07-10T09:00:42","guid":{"rendered":"http:\/\/diarioregionaljf.com.br\/?p=110885"},"modified":"2018-08-13T20:25:49","modified_gmt":"2018-08-13T23:25:49","slug":"prefeitura-de-tocantins-10-07-18","status":"publish","type":"post","link":"https:\/\/diarioregionaldigital.com.br\/?p=110885","title":{"rendered":"Prefeitura de Tocantins 10\/07\/18"},"content":{"rendered":"<p style=\"text-align: center;\"><strong>PREFEITURA DE TOCANTINS<\/strong><\/p>\n<p style=\"text-align: center;\"><strong>ATA DE DECIS\u00c3O E CONVOCA\u00c7\u00c3O<\/strong><\/p>\n<p style=\"text-align: center;\"><strong>\u00a0<\/strong>LICITA\u00c7\u00c3O N\u00b0 048\/2018\u00a0 MODALIDADE DE PREG\u00c3O PRESENCIAL N\u00b0 036\/2018<\/p>\n<p style=\"text-align: center;\"><strong>\u00a0<\/strong>O Pregoeiro Jansen Paschoalino Rocha, decidiu por declarar a empresa MARGEM COM. DE MATERIAIS HIDRAULICOS \u2013 EIRELI inabilitada tendo em vista que mesmo devidamente intimada n\u00e3o apresentou a Certid\u00e3o de Regularidade FGTS atualizada. Neste sentido\u00a0<strong><u>RESOLVE convocar\u00a0<\/u><\/strong>os licitantes em 2\u00ba colocado para NEGOCIA\u00c7\u00c3O, quais sejam os licitantes:<\/p>\n<p style=\"text-align: center;\"><strong>QUINTAO MATERIAIS E MADEIRAS P\/ CONSTRU\u00c7\u00c3O LTDA, CNPJ\u00a0<\/strong><strong>\u00a0<\/strong><strong>41.947.805\/0001-24;<\/strong><\/p>\n<p style=\"text-align: center;\"><strong>COELHO E SILVA COMERCIO E SERVI\u00c7OS LTDA, CNPJ 10.282.328\/0001-00;<\/strong><\/p>\n<p style=\"text-align: center;\"><strong>ULTRA BONI COM\u00c9RCIO EIRELI &#8211; ME, CNPJ 13.249.746\/0001-85;<\/strong><\/p>\n<p style=\"text-align: center;\"><strong>VILSON DA SILVA BRUM EPP, CNPJ 11.038.785\/0001-08;<\/strong><\/p>\n<p style=\"text-align: center;\">Fica designado o dia 24\/07\/2018 \u00e0s 08:30 horas. TOCANTINS (MG), 09 de julho de 2018.<\/p>\n<p style=\"text-align: center;\">\u00a0JANSEN PASCHOALINO ROCHA &#8211;\u00a0PREGOEIRO<\/p>\n","protected":false},"excerpt":{"rendered":"<p>PREFEITURA DE TOCANTINS ATA DE DECIS\u00c3O E CONVOCA\u00c7\u00c3O \u00a0LICITA\u00c7\u00c3O N\u00b0 048\/2018\u00a0 MODALIDADE DE PREG\u00c3O PRESENCIAL N\u00b0 036\/2018 \u00a0O Pregoeiro Jansen Paschoalino Rocha, decidiu por declarar a empresa MARGEM COM. DE MATERIAIS HIDRAULICOS \u2013 EIRELI inabilitada tendo em vista que mesmo devidamente intimada n\u00e3o apresentou a Certid\u00e3o de Regularidade FGTS atualizada. Neste sentido\u00a0RESOLVE convocar\u00a0os licitantes em [&hellip;]<\/p>\n","protected":false},"author":96,"featured_media":0,"comment_status":"closed","ping_status":"closed","sticky":false,"template":"","format":"standard","meta":{"footnotes":""},"categories":[307],"tags":[],"class_list":["post-110885","post","type-post","status-publish","format-standard","hentry","category-editais"],"_links":{"self":[{"href":"https:\/\/diarioregionaldigital.com.br\/index.php?rest_route=\/wp\/v2\/posts\/110885","targetHints":{"allow":["GET"]}}],"collection":[{"href":"https:\/\/diarioregionaldigital.com.br\/index.php?rest_route=\/wp\/v2\/posts"}],"about":[{"href":"https:\/\/diarioregionaldigital.com.br\/index.php?rest_route=\/wp\/v2\/types\/post"}],"author":[{"embeddable":true,"href":"https:\/\/diarioregionaldigital.com.br\/index.php?rest_route=\/wp\/v2\/users\/96"}],"replies":[{"embeddable":true,"href":"https:\/\/diarioregionaldigital.com.br\/index.php?rest_route=%2Fwp%2Fv2%2Fcomments&post=110885"}],"version-history":[{"count":0,"href":"https:\/\/diarioregionaldigital.com.br\/index.php?rest_route=\/wp\/v2\/posts\/110885\/revisions"}],"wp:attachment":[{"href":"https:\/\/diarioregionaldigital.com.br\/index.php?rest_route=%2Fwp%2Fv2%2Fmedia&parent=110885"}],"wp:term":[{"taxonomy":"category","embeddable":true,"href":"https:\/\/diarioregionaldigital.com.br\/index.php?rest_route=%2Fwp%2Fv2%2Fcategories&post=110885"},{"taxonomy":"post_tag","embeddable":true,"href":"https:\/\/diarioregionaldigital.com.br\/index.php?rest_route=%2Fwp%2Fv2%2Ftags&post=110885"}],"curies":[{"name":"wp","href":"https:\/\/api.w.org\/{rel}","templated":true}]}}