{"id":110873,"date":"2018-07-09T21:00:48","date_gmt":"2018-07-10T00:00:48","guid":{"rendered":"http:\/\/diarioregionaljf.com.br\/?p=110873"},"modified":"2018-07-09T20:58:21","modified_gmt":"2018-07-09T23:58:21","slug":"rei-arthur-no-social","status":"publish","type":"post","link":"https:\/\/diarioregionaldigital.com.br\/?p=110873","title":{"rendered":"Rei Arthur no Social"},"content":{"rendered":"<p style=\"text-align: center;\"><strong>Esporte Moderno<\/strong><\/p>\n<p style=\"text-align: center;\">Sempre antenado com as atualidades, o diretor t\u00e9cnico do JF V\u00f4lei e professor da UFJF, Maur\u00edcio Gatt\u00e1s Bara, visitou a Escola Estadual Hermenegildo Villa\u00e7a e apresentou para os alunos o \u201cPolar Team System Pro\u201d, sistema de controle da frequ\u00eancia card\u00edaca utilizado no treinamento dos atletas na Copa.<\/p>\n<p style=\"text-align: center;\"><strong>Visita <\/strong><\/p>\n<p style=\"text-align: center;\">Sabendo apreciar o belo, o consultor internacional e especialista em Gest\u00e3o de Risco, Jos\u00e9 Luiz Pedersoli J\u00fanior, esteve na semana que passou no MAMM, para um diagn\u00f3stico das caracter\u00edsticas do museu, visando a apresenta\u00e7\u00e3o do rico e soberbo acervo.<\/p>\n<p style=\"text-align: center;\"><strong>Sucesso<\/strong><\/p>\n<p style=\"text-align: center;\">Homem s\u00e9rio e disciplinado, M\u00e1rcio Sotto Maior foi a Belo Horizonte e conquistou o t\u00edtulo de Campe\u00e3o do Brasileiro Master de Tiro com Arco, por equipe. Na sua galeria de trof\u00e9us e medalhas ele \u00e9 tricampe\u00e3o individual master, pentacampe\u00e3o individual adulto e campe\u00e3o individual sulamericano.<\/p>\n<p style=\"text-align: center;\"><strong>Evento Filantr\u00f3pico<\/strong><\/p>\n<p style=\"text-align: center;\">Agendado para o dia 22 de julho, \u00e0s 10h, no Sport Club Juiz de Fora, o Evento Filantr\u00f3pico de Futsal reunindo os amigos de Ramon Pav\u00e3o X Amigos de L\u00e9o Santana. A entrada \u00e9 1kg de alimento n\u00e3o perec\u00edvel. O juiz-forano Ramon Pav\u00e3o joga na Tail\u00e2ndia e chega a Juiz de Fora, no dia 18 de julho.<\/p>\n<p style=\"text-align: center;\"><span style=\"font-size: 14pt;\"><strong>Rei Arthur no Social<\/strong><\/span><\/p>\n<p style=\"text-align: center;\">Com cerim\u00f4nia usando o branco como a roupa da paz, Regina Ferreira e Leonardo Chillis usaram como cen\u00e1rio a Igreja Melquita de S\u00e3o Jorge para o batizado do pequeno Arthur Carlos Ferreira Chillis. O padre Jo\u00e3o Carlos Theodoro conduziu a b\u00ean\u00e7\u00e3o em um ambiente sereno e suave. Logo ap\u00f3s, os familiares foram brindados com um social no Buffet Flor de Sal, com linda decora\u00e7\u00e3o da Kazar Cerimonial (by Carlos Barboza). As fotos registram.<\/p>\n<div id=\"attachment_110830\" style=\"width: 690px\" class=\"wp-caption aligncenter\"><img loading=\"lazy\" decoding=\"async\" aria-describedby=\"caption-attachment-110830\" class=\"wp-image-110830\" src=\"http:\/\/diarioregionaljf.com.br\/wp-content\/uploads\/2018\/07\/fotob-5-e1531175942123.jpg\" alt=\"\" width=\"680\" height=\"614\" srcset=\"https:\/\/diarioregionaldigital.com.br\/wp-content\/uploads\/2018\/07\/fotob-5-e1531175942123.jpg 720w, https:\/\/diarioregionaldigital.com.br\/wp-content\/uploads\/2018\/07\/fotob-5-e1531175942123-300x271.jpg 300w, https:\/\/diarioregionaldigital.com.br\/wp-content\/uploads\/2018\/07\/fotob-5-e1531175942123-360x325.jpg 360w\" sizes=\"auto, (max-width: 680px) 100vw, 680px\" \/><p id=\"caption-attachment-110830\" class=\"wp-caption-text\">Carlos Jr., Dilaine Sampaio, Regina Ferreira, Leonardo Chillis com Arthur, Ivanir Ferreira e Carlos Alberto Ferreira<\/p><\/div>\n<div id=\"attachment_110828\" style=\"width: 690px\" class=\"wp-caption aligncenter\"><img loading=\"lazy\" decoding=\"async\" aria-describedby=\"caption-attachment-110828\" class=\"wp-image-110828\" src=\"http:\/\/diarioregionaljf.com.br\/wp-content\/uploads\/2018\/07\/fotoa-5-e1531175743887.jpg\" alt=\"\" width=\"680\" height=\"614\" srcset=\"https:\/\/diarioregionaldigital.com.br\/wp-content\/uploads\/2018\/07\/fotoa-5-e1531175743887.jpg 720w, https:\/\/diarioregionaldigital.com.br\/wp-content\/uploads\/2018\/07\/fotoa-5-e1531175743887-300x271.jpg 300w, https:\/\/diarioregionaldigital.com.br\/wp-content\/uploads\/2018\/07\/fotoa-5-e1531175743887-360x325.jpg 360w\" sizes=\"auto, (max-width: 680px) 100vw, 680px\" \/><p id=\"caption-attachment-110828\" class=\"wp-caption-text\">Lindos amigos em batizado de paz, Regina Ferreira e Leonardo Chillis com o filho Arthur Carlos Ferreira Chillis<\/p><\/div>\n<div id=\"attachment_110831\" style=\"width: 690px\" class=\"wp-caption aligncenter\"><img loading=\"lazy\" decoding=\"async\" aria-describedby=\"caption-attachment-110831\" class=\"wp-image-110831\" src=\"http:\/\/diarioregionaljf.com.br\/wp-content\/uploads\/2018\/07\/fotoc-4-e1531175906882.jpg\" alt=\"\" width=\"680\" height=\"614\" srcset=\"https:\/\/diarioregionaldigital.com.br\/wp-content\/uploads\/2018\/07\/fotoc-4-e1531175906882.jpg 720w, https:\/\/diarioregionaldigital.com.br\/wp-content\/uploads\/2018\/07\/fotoc-4-e1531175906882-300x271.jpg 300w, https:\/\/diarioregionaldigital.com.br\/wp-content\/uploads\/2018\/07\/fotoc-4-e1531175906882-360x325.jpg 360w\" sizes=\"auto, (max-width: 680px) 100vw, 680px\" \/><p id=\"caption-attachment-110831\" class=\"wp-caption-text\">Regina Ferreira, Leonardo Chillis, Arthur e Amanda Rocha<\/p><\/div>\n<div id=\"attachment_110835\" style=\"width: 690px\" class=\"wp-caption aligncenter\"><img loading=\"lazy\" decoding=\"async\" aria-describedby=\"caption-attachment-110835\" class=\"wp-image-110835\" src=\"http:\/\/diarioregionaljf.com.br\/wp-content\/uploads\/2018\/07\/fotog-4-e1531175983698.jpg\" alt=\"\" width=\"680\" height=\"618\" srcset=\"https:\/\/diarioregionaldigital.com.br\/wp-content\/uploads\/2018\/07\/fotog-4-e1531175983698.jpg 715w, https:\/\/diarioregionaldigital.com.br\/wp-content\/uploads\/2018\/07\/fotog-4-e1531175983698-300x273.jpg 300w, https:\/\/diarioregionaldigital.com.br\/wp-content\/uploads\/2018\/07\/fotog-4-e1531175983698-360x327.jpg 360w\" sizes=\"auto, (max-width: 680px) 100vw, 680px\" \/><p id=\"caption-attachment-110835\" class=\"wp-caption-text\">Maestro Victor Cassimiro, Regina Ferreira, Arthur, Leonardo Chillis e T\u00e2mara Marques<\/p><\/div>\n<div id=\"attachment_110841\" style=\"width: 690px\" class=\"wp-caption aligncenter\"><img loading=\"lazy\" decoding=\"async\" aria-describedby=\"caption-attachment-110841\" class=\"wp-image-110841\" src=\"http:\/\/diarioregionaljf.com.br\/wp-content\/uploads\/2018\/07\/fotoh-6-e1531176019471.jpg\" alt=\"\" width=\"680\" height=\"614\" srcset=\"https:\/\/diarioregionaldigital.com.br\/wp-content\/uploads\/2018\/07\/fotoh-6-e1531176019471.jpg 720w, https:\/\/diarioregionaldigital.com.br\/wp-content\/uploads\/2018\/07\/fotoh-6-e1531176019471-300x271.jpg 300w, https:\/\/diarioregionaldigital.com.br\/wp-content\/uploads\/2018\/07\/fotoh-6-e1531176019471-360x325.jpg 360w\" sizes=\"auto, (max-width: 680px) 100vw, 680px\" \/><p id=\"caption-attachment-110841\" class=\"wp-caption-text\">Jos\u00e9 Roberto Rodrigues, Regina Ferreira, Leonardo Chillis, Arthur, Elizabeth Ferreira Rodrigues<\/p><\/div>\n<div id=\"attachment_110842\" style=\"width: 690px\" class=\"wp-caption aligncenter\"><img loading=\"lazy\" decoding=\"async\" aria-describedby=\"caption-attachment-110842\" class=\"wp-image-110842\" src=\"http:\/\/diarioregionaljf.com.br\/wp-content\/uploads\/2018\/07\/fotoi-5-e1531176051389.jpg\" alt=\"\" width=\"680\" height=\"614\" srcset=\"https:\/\/diarioregionaldigital.com.br\/wp-content\/uploads\/2018\/07\/fotoi-5-e1531176051389.jpg 720w, https:\/\/diarioregionaldigital.com.br\/wp-content\/uploads\/2018\/07\/fotoi-5-e1531176051389-300x271.jpg 300w, https:\/\/diarioregionaldigital.com.br\/wp-content\/uploads\/2018\/07\/fotoi-5-e1531176051389-360x325.jpg 360w\" sizes=\"auto, (max-width: 680px) 100vw, 680px\" \/><p id=\"caption-attachment-110842\" class=\"wp-caption-text\">Ladimar Souza, Regina Ferreira, Arthur, Leonardo Chillis e Geraldo Souza<\/p><\/div>\n<div id=\"attachment_110846\" style=\"width: 690px\" class=\"wp-caption aligncenter\"><img loading=\"lazy\" decoding=\"async\" aria-describedby=\"caption-attachment-110846\" class=\"wp-image-110846\" src=\"http:\/\/diarioregionaljf.com.br\/wp-content\/uploads\/2018\/07\/fotoe-7-e1531176145353.jpg\" alt=\"\" width=\"680\" height=\"616\" srcset=\"https:\/\/diarioregionaldigital.com.br\/wp-content\/uploads\/2018\/07\/fotoe-7-e1531176145353.jpg 717w, https:\/\/diarioregionaldigital.com.br\/wp-content\/uploads\/2018\/07\/fotoe-7-e1531176145353-300x272.jpg 300w, https:\/\/diarioregionaldigital.com.br\/wp-content\/uploads\/2018\/07\/fotoe-7-e1531176145353-360x326.jpg 360w\" sizes=\"auto, (max-width: 680px) 100vw, 680px\" \/><p id=\"caption-attachment-110846\" class=\"wp-caption-text\">David Chaves, Regina Ferreira, Arthur, Leonardo Chillis, Lu Chaves<\/p><\/div>\n<div id=\"attachment_110871\" style=\"width: 690px\" class=\"wp-caption aligncenter\"><img loading=\"lazy\" decoding=\"async\" aria-describedby=\"caption-attachment-110871\" class=\"wp-image-110871\" src=\"http:\/\/diarioregionaljf.com.br\/wp-content\/uploads\/2018\/07\/fotof-5-e1531176207366.jpg\" alt=\"\" width=\"680\" height=\"614\" srcset=\"https:\/\/diarioregionaldigital.com.br\/wp-content\/uploads\/2018\/07\/fotof-5-e1531176207366.jpg 720w, https:\/\/diarioregionaldigital.com.br\/wp-content\/uploads\/2018\/07\/fotof-5-e1531176207366-300x271.jpg 300w, https:\/\/diarioregionaldigital.com.br\/wp-content\/uploads\/2018\/07\/fotof-5-e1531176207366-360x325.jpg 360w\" sizes=\"auto, (max-width: 680px) 100vw, 680px\" \/><p id=\"caption-attachment-110871\" class=\"wp-caption-text\">Regina Ferreira, Leonardo Chillis, Arthur, Luiz Gamonal e C\u00e1ssia Miranda<\/p><\/div>\n<div id=\"attachment_110843\" style=\"width: 690px\" class=\"wp-caption aligncenter\"><img loading=\"lazy\" decoding=\"async\" aria-describedby=\"caption-attachment-110843\" class=\"wp-image-110843\" src=\"http:\/\/diarioregionaljf.com.br\/wp-content\/uploads\/2018\/07\/fotoaa-3.jpg\" alt=\"\" width=\"680\" height=\"383\" srcset=\"https:\/\/diarioregionaldigital.com.br\/wp-content\/uploads\/2018\/07\/fotoaa-3.jpg 1280w, https:\/\/diarioregionaldigital.com.br\/wp-content\/uploads\/2018\/07\/fotoaa-3-300x169.jpg 300w, https:\/\/diarioregionaldigital.com.br\/wp-content\/uploads\/2018\/07\/fotoaa-3-768x432.jpg 768w, https:\/\/diarioregionaldigital.com.br\/wp-content\/uploads\/2018\/07\/fotoaa-3-1024x576.jpg 1024w, https:\/\/diarioregionaldigital.com.br\/wp-content\/uploads\/2018\/07\/fotoaa-3-360x203.jpg 360w\" sizes=\"auto, (max-width: 680px) 100vw, 680px\" \/><p id=\"caption-attachment-110843\" class=\"wp-caption-text\">Na Igreja Melquita, Vict\u00f3ria Batista, Carlos Ferreira, La\u00eds Oliveira, padre Jo\u00e3o Theodoro, Arthur, Regina Ferreira e Leonardo Chillis<\/p><\/div>\n<div id=\"attachment_110845\" style=\"width: 690px\" class=\"wp-caption aligncenter\"><img loading=\"lazy\" decoding=\"async\" aria-describedby=\"caption-attachment-110845\" class=\"wp-image-110845\" src=\"http:\/\/diarioregionaljf.com.br\/wp-content\/uploads\/2018\/07\/fotod-7.jpg\" alt=\"\" width=\"680\" height=\"510\" srcset=\"https:\/\/diarioregionaldigital.com.br\/wp-content\/uploads\/2018\/07\/fotod-7.jpg 960w, https:\/\/diarioregionaldigital.com.br\/wp-content\/uploads\/2018\/07\/fotod-7-300x225.jpg 300w, https:\/\/diarioregionaldigital.com.br\/wp-content\/uploads\/2018\/07\/fotod-7-768x576.jpg 768w, https:\/\/diarioregionaldigital.com.br\/wp-content\/uploads\/2018\/07\/fotod-7-360x270.jpg 360w\" sizes=\"auto, (max-width: 680px) 100vw, 680px\" \/><p id=\"caption-attachment-110845\" class=\"wp-caption-text\">Carlos Jr, Ivanir Ferreira, Regina Ferreira, Arthur, Leonardo Chillis, La\u00eds Oliveira e Vict\u00f3ria Batista<\/p><\/div>\n<p style=\"text-align: center;\"><strong>FOTOSS\u00cdNTESE<\/strong><\/p>\n<p>A professora dos cursos de Gest\u00e3o de CES\/JF, D\u00e9bora Marques, em parceria com a Secretaria de Desenvolvimento Econ\u00f4mico, Trabalho e Turismo (SEDETTUR) da PJF, teve seu projeto de extens\u00e3o \u201cMentorias de Gest\u00e3o\u201d aprovado a fim de fomentar o desenvolvimento de microempreendedores (MEI\u2019s).<\/p>\n<p>Em Parintins deu Boi Caprichoso como Campe\u00e3o 2018. Uma apresenta\u00e7\u00e3o deslumbrante na cor azul.<\/p>\n<p>A Ordem Terceira do Carmo convida este colunista para a Novena em louvor a Nossa Senhora do Carmo. At\u00e9 15 de julho, com missa e novena, \u00e0s 7 horas, na Catedral Metropolitana.<\/p>\n<p>O professor do curso de Psicologia do CES\/JF, Manoel Mendon\u00e7a vai ministrar no dia 14 de julho o curso \u201cDepress\u00e3o na Contemporaneidade\u201d. Ser\u00e1 na Delphos Espa\u00e7o Psico-Social, no Humait\u00e1 (RJ).<\/p>\n<p>A dupla sensa\u00e7\u00e3o Pablo &amp; Ricardo est\u00e1 fazendo o maior sucesso com o melhor do sertanejo universit\u00e1rio. Semana passada eles se apresentaram em Santos Dumont no Restaurante Fog\u00e3o de Lenha, s\u00e1bado em Itaipava e domingo na Festa Forr\u00f3 na Ro\u00e7a, em Juiz de Fora.<\/p>\n<p>O advogado Wladimir Oliveira Andrade falou para os novos concursados da Prefeitura de Juiz de Fora sobre a \u00e9tica na Administra\u00e7\u00e3o P\u00fablica.<\/p>\n<p>O jovem Arthur Magalh\u00e3es est\u00e1 comemorando sua aprova\u00e7\u00e3o no TCC na Suprema Faculdade de Ci\u00eancias M\u00e9dicas e da Sa\u00fade de Juiz de Fora.<\/p>\n<p>Ney Martins estourou de acessos com suas receitas deliciosas no canal YouTuber. A torta de banana crocante j\u00e1 faz parte das mesas chiques de socialites da cidade.<\/p>\n<p>Circulando no Rocket Pub, o Mister Minas Gerais Unificado Luan Ottoni Lokkerbol com Iran Rangel.<\/p>\n<p>No Bar do Chico assistindo jogos do Brasil na Copa, Erika Beire, Beto Souza, Rafael Oliveira, Tereza Braga, Vin\u00edcius Ciribelli, Hermelinda Costa e Alexandre Lenilson Fonseca.<\/p>\n<p>Para recuperar: E se um dia l\u00e1 na frente sua vida der uma r\u00e9, recupere sua f\u00e9&#8230; e recomece. Bom dia.<\/p>\n","protected":false},"excerpt":{"rendered":"<p>Esporte Moderno Sempre antenado com as atualidades, o diretor t\u00e9cnico do JF V\u00f4lei e professor da UFJF, Maur\u00edcio Gatt\u00e1s Bara, visitou a Escola Estadual Hermenegildo Villa\u00e7a e apresentou para os alunos o \u201cPolar Team System Pro\u201d, sistema de controle da frequ\u00eancia card\u00edaca utilizado no treinamento dos atletas na Copa. Visita Sabendo apreciar o belo, o [&hellip;]<\/p>\n","protected":false},"author":96,"featured_media":110888,"comment_status":"closed","ping_status":"closed","sticky":false,"template":"","format":"standard","meta":{"footnotes":""},"categories":[264],"tags":[],"class_list":["post-110873","post","type-post","status-publish","format-standard","has-post-thumbnail","hentry","category-eduardo-gomes"],"_links":{"self":[{"href":"https:\/\/diarioregionaldigital.com.br\/index.php?rest_route=\/wp\/v2\/posts\/110873","targetHints":{"allow":["GET"]}}],"collection":[{"href":"https:\/\/diarioregionaldigital.com.br\/index.php?rest_route=\/wp\/v2\/posts"}],"about":[{"href":"https:\/\/diarioregionaldigital.com.br\/index.php?rest_route=\/wp\/v2\/types\/post"}],"author":[{"embeddable":true,"href":"https:\/\/diarioregionaldigital.com.br\/index.php?rest_route=\/wp\/v2\/users\/96"}],"replies":[{"embeddable":true,"href":"https:\/\/diarioregionaldigital.com.br\/index.php?rest_route=%2Fwp%2Fv2%2Fcomments&post=110873"}],"version-history":[{"count":0,"href":"https:\/\/diarioregionaldigital.com.br\/index.php?rest_route=\/wp\/v2\/posts\/110873\/revisions"}],"wp:featuredmedia":[{"embeddable":true,"href":"https:\/\/diarioregionaldigital.com.br\/index.php?rest_route=\/wp\/v2\/media\/110888"}],"wp:attachment":[{"href":"https:\/\/diarioregionaldigital.com.br\/index.php?rest_route=%2Fwp%2Fv2%2Fmedia&parent=110873"}],"wp:term":[{"taxonomy":"category","embeddable":true,"href":"https:\/\/diarioregionaldigital.com.br\/index.php?rest_route=%2Fwp%2Fv2%2Fcategories&post=110873"},{"taxonomy":"post_tag","embeddable":true,"href":"https:\/\/diarioregionaldigital.com.br\/index.php?rest_route=%2Fwp%2Fv2%2Ftags&post=110873"}],"curies":[{"name":"wp","href":"https:\/\/api.w.org\/{rel}","templated":true}]}}