{"id":110868,"date":"2018-07-09T19:05:02","date_gmt":"2018-07-09T22:05:02","guid":{"rendered":"http:\/\/diarioregionaljf.com.br\/?p=110868"},"modified":"2018-07-09T19:05:02","modified_gmt":"2018-07-09T22:05:02","slug":"desembargador-mantem-decisao-que-impediu-soltura-de-lula","status":"publish","type":"post","link":"https:\/\/diarioregionaldigital.com.br\/?p=110868","title":{"rendered":"Desembargador mant\u00e9m decis\u00e3o que impediu soltura de Lula"},"content":{"rendered":"<p>O desembargador Jo\u00e3o Pedro Gebran Neto, do Tribunal Regional Federal da 4\u00aa Regi\u00e3o, sediado em Porto Alegre, decidiu nessa segunda-feira, 9, manter sua decis\u00e3o que impediu a soltura do ex-presidente Luiz In\u00e1cio Lula da Silva. Nesse domingo, 8, durante o plant\u00e3o judici\u00e1rio, Gebran, relator dos processos da Opera\u00e7\u00e3o Lava Jato, cassou decis\u00e3o que havia determinado a soltura de Lula e tirou o processo do desembargador Rog\u00e9rio Favreto, que concedeu a liberdade. O pedido foi motivado por um habeas corpus protocolado por deputados do PT.<\/p>\n<p>Ao receber o processo nessa segunda, Gebran Neto manteve sua decis\u00e3o e ainda impediu que a corregedoria do tribunal e o Conselho Nacional de Justi\u00e7a (CNJ) sejam acionados para apurar o suposto descumprimento do alvar\u00e1 de soltura pelo juiz federal S\u00e9rgio Moro, que deveria efetivar a soltura de Lula, segundo Favreto.<\/p>\n<p>\u201cAnte o exposto, reafirmo o entendimento no sentido do indeferimento da medida liminar revogo integralmente as decis\u00f5es em plant\u00e3o deferidas nestes autos, inclusive no tocante ao envio de comunica\u00e7\u00e3o pe\u00e7as \u00e0 Corregedoria-Geral de Justi\u00e7a da 4\u00aa Regi\u00e3o e ao Conselho Nacional de Justi\u00e7a, porquanto flagrantemente prejudicadas em raz\u00e3o de delibera\u00e7\u00f5es posteriores\u201d, decidiu Gebran.<\/p>\n<p>Na decis\u00e3o, Gebran reafirmou que a 8\u00aa turma do tribunal negou o mesmo pedido para soltar o ex-presidente e n\u00e3o h\u00e1 fato novo para justificar a decis\u00e3o de Rog\u00e9rio Favreto.<\/p>\n<p>\u201cN\u00e3o se est\u00e1 diante de ordem cautelar de segrega\u00e7\u00e3o, mas, sim, de execu\u00e7\u00e3o provis\u00f3ria da pena. Significa dizer que se o deferimento de liminar em ju\u00edzo ordin\u00e1rio j\u00e1 \u00e9 excepcional, mais excepcional ainda \u00e9 o seu deferimento em plant\u00e3o\u201d, argumentou Gebran.<\/p>\n<p>Lula est\u00e1 preso na Superintend\u00eancia da Pol\u00edcia Federal em Curitiba desde o dia 7 de abril, por determina\u00e7\u00e3o do juiz S\u00e9rgio Moro, que ordenou a execu\u00e7\u00e3o provis\u00f3ria da pena de 12 anos e um m\u00eas de pris\u00e3o pelos crimes de corrup\u00e7\u00e3o e lavagem de dinheiro, no caso do triplex em Guaruj\u00e1 (SP). A pris\u00e3o foi executada com base na decis\u00e3o do STF que autorizou pris\u00f5es ap\u00f3s o fim dos recursos na segunda inst\u00e2ncia da Justi\u00e7a.<\/p>\n<p>&nbsp;<\/p>\n<p>Fonte: Ag\u00eancia Brasil<\/p>\n","protected":false},"excerpt":{"rendered":"<p>O desembargador Jo\u00e3o Pedro Gebran Neto, do Tribunal Regional Federal da 4\u00aa Regi\u00e3o, sediado em Porto Alegre, decidiu nessa segunda-feira, 9, manter sua decis\u00e3o que impediu a soltura do ex-presidente Luiz In\u00e1cio Lula da Silva. Nesse domingo, 8, durante o plant\u00e3o judici\u00e1rio, Gebran, relator dos processos da Opera\u00e7\u00e3o Lava Jato, cassou decis\u00e3o que havia determinado [&hellip;]<\/p>\n","protected":false},"author":96,"featured_media":110869,"comment_status":"closed","ping_status":"closed","sticky":false,"template":"","format":"standard","meta":{"footnotes":""},"categories":[254,439],"tags":[],"class_list":["post-110868","post","type-post","status-publish","format-standard","has-post-thumbnail","hentry","category-politica","category-ultima-hora"],"_links":{"self":[{"href":"https:\/\/diarioregionaldigital.com.br\/index.php?rest_route=\/wp\/v2\/posts\/110868","targetHints":{"allow":["GET"]}}],"collection":[{"href":"https:\/\/diarioregionaldigital.com.br\/index.php?rest_route=\/wp\/v2\/posts"}],"about":[{"href":"https:\/\/diarioregionaldigital.com.br\/index.php?rest_route=\/wp\/v2\/types\/post"}],"author":[{"embeddable":true,"href":"https:\/\/diarioregionaldigital.com.br\/index.php?rest_route=\/wp\/v2\/users\/96"}],"replies":[{"embeddable":true,"href":"https:\/\/diarioregionaldigital.com.br\/index.php?rest_route=%2Fwp%2Fv2%2Fcomments&post=110868"}],"version-history":[{"count":0,"href":"https:\/\/diarioregionaldigital.com.br\/index.php?rest_route=\/wp\/v2\/posts\/110868\/revisions"}],"wp:featuredmedia":[{"embeddable":true,"href":"https:\/\/diarioregionaldigital.com.br\/index.php?rest_route=\/wp\/v2\/media\/110869"}],"wp:attachment":[{"href":"https:\/\/diarioregionaldigital.com.br\/index.php?rest_route=%2Fwp%2Fv2%2Fmedia&parent=110868"}],"wp:term":[{"taxonomy":"category","embeddable":true,"href":"https:\/\/diarioregionaldigital.com.br\/index.php?rest_route=%2Fwp%2Fv2%2Fcategories&post=110868"},{"taxonomy":"post_tag","embeddable":true,"href":"https:\/\/diarioregionaldigital.com.br\/index.php?rest_route=%2Fwp%2Fv2%2Ftags&post=110868"}],"curies":[{"name":"wp","href":"https:\/\/api.w.org\/{rel}","templated":true}]}}