{"id":110860,"date":"2018-07-09T18:04:02","date_gmt":"2018-07-09T21:04:02","guid":{"rendered":"http:\/\/diarioregionaljf.com.br\/?p=110860"},"modified":"2018-07-09T18:04:02","modified_gmt":"2018-07-09T21:04:02","slug":"selecao-masculina-de-volei-se-mantem-entre-as-melhores-do-mundo","status":"publish","type":"post","link":"https:\/\/diarioregionaldigital.com.br\/?p=110860","title":{"rendered":"Sele\u00e7\u00e3o masculina de v\u00f4lei se mant\u00eam entre as melhores do mundo"},"content":{"rendered":"<p>A sele\u00e7\u00e3o brasileira masculina de v\u00f4lei segue entre as melhores equipes do mundo. L\u00edder do ranking mundial e sempre presente nas retas finais dos campeonatos que disputa, o Brasil brigou pela medalha de bronze da primeira edi\u00e7\u00e3o da Liga das Na\u00e7\u00f5es neste domingo, dia 8, mas acabou superado pelos Estados Unidos por 3 sets a 0 (21\/25, 26\/28 e 26\/28). A Fase Final da competi\u00e7\u00e3o aconteceu no est\u00e1dio Pierre Mauroy, em Lille, na Fran\u00e7a.<\/p>\n<p>O Brasil encerrou a participa\u00e7\u00e3o na Liga das Na\u00e7\u00f5es na quarta coloca\u00e7\u00e3o, com 11 vit\u00f3rias e oito resultados negativos. Na fase classificat\u00f3ria, foram 10 vit\u00f3rias e cinco derrotas. Classificado para a Fase Final entre os seis melhores times do mundo, o grupo brasileiro se juntou a Fran\u00e7a, R\u00fassia, Estados Unidos, S\u00e9rvia e Pol\u00f4nia na cidade francesa. Acabou superado pelos donos da casa no primeiro jogo, por 3 a 2, e venceu a S\u00e9rvia por 3 a 0, classificando para a semifinal, onde perdeu para a R\u00fassia.<\/p>\n<p>Neste domingo, na busca pela medalha de bronze, a equipe verde e amarela n\u00e3o conseguiu o resultado positivo. Mesmo assim, o oposto Wallace foi o maior pontuador do jogo, com 15 acertos \u2013 todos de ataque. O central Luc\u00e3o foi o segundo que mais pontuou pela sele\u00e7\u00e3o brasileira, com 12 (10 de ataque e dois de bloqueio).<\/p>\n<p>O capit\u00e3o Bruninho fez uma avalia\u00e7\u00e3o da participa\u00e7\u00e3o da sele\u00e7\u00e3o brasileira na primeira edi\u00e7\u00e3o da Liga das Na\u00e7\u00f5es, em especial neste domingo.<\/p>\n<p>\u201cA medalha era muito importante para todos n\u00f3s e fica uma frustra\u00e7\u00e3o. Eles foram melhores, mas n\u00f3s quer\u00edamos muito essa medalha, que seria muito valiosa e honrosa pela competi\u00e7\u00e3o e todas as dificuldades que tivemos, pouco tempo de trabalho. Hoje o voleibol est\u00e1 muito equilibrado. E n\u00f3s precisamos trabalhar, treinar, e com a quantidade de viagens, ficou muito dif\u00edcil. O resultado machuca. Sempre chegamos em finais, batendo na trave, ganhando, como nas Olimp\u00edadas e na Copa dos Campe\u00f5es, mas sempre chegando. E fica fora do p\u00f3dio d\u00f3i, mas estou orgulhoso do que esse grupo fez e demonstrou\u201d, afirmou Bruninho.<\/p>\n<p>O t\u00e9cnico Renan tamb\u00e9m comentou sobre o resultado. \u201cEstar entre os quatro \u00e9 importante sempre, mas queremos mais. Essa \u00e9 a hist\u00f3ria do voleibol brasileiro. Infelizmente n\u00e3o deu, mas temos que evidenciar o esp\u00edrito de guerra. Cometemos muitos erros que n\u00e3o se pode cometer, mas tentamos o tempo todo. Arriscamos em alguns momentos, principalmente no saque, mas era a forma que t\u00ednhamos de equilibrar o jogo\u201d, disse o treinador brasileiro.<\/p>\n<p>Segundo o l\u00edbero Thales, um dos destaques da sele\u00e7\u00e3o brasileira nesta Liga das Na\u00e7\u00f5es, o trabalho segue visando a pr\u00f3xima competi\u00e7\u00e3o. \u201cEsse est\u00e1 sendo meu segundo ano na sele\u00e7\u00e3o e sinto que evolu\u00ed do ano passado para c\u00e1. Tento ajudar da melhor maneira poss\u00edvel e acho que a linha de passe n\u00e3o comprometeu. Infelizmente n\u00e3o foi o resultado que quer\u00edamos, mas temos um bom tempo para treinar agora na prepara\u00e7\u00e3o para o Mundial. Durante a Liga das Na\u00e7\u00f5es n\u00e3o tivemos esse tempo por causa das muitas viagens, e ainda sofremos com les\u00f5es\u201d, analisou Thales.<\/p>\n<p>O Campeonato Mundial ser\u00e1 o pr\u00f3ximo compromisso da sele\u00e7\u00e3o brasileira em 2018. A competi\u00e7\u00e3o ser\u00e1 realizada na Bulg\u00e1ria e na It\u00e1lia, entre os dias 9 e 30 de setembro.<\/p>\n<p>Na primeira fase do campeonato, em cinco semanas, a sele\u00e7\u00e3o brasileira jogou na S\u00e9rvia, voltou ao Brasil para a segunda semana em Goi\u00e2nia, jogou na R\u00fassia, depois na Bulg\u00e1ria e, por fim, na Austr\u00e1lia. Ent\u00e3o, retornou ao Brasil para treinamentos e chegou a Fran\u00e7a para a disputa da etapa final.<\/p>\n<p>Na etapa b\u00falgara, o grupo dirigido pelo t\u00e9cnico Renan perdeu o central Maur\u00edcio Souza, com les\u00e3o na regi\u00e3o abdominal, e para a Fase Final n\u00e3o p\u00f4de contar com os ponteiros Lipe e Rodriguinho, lesionados. No primeiro jogo da etapa, contra a Fran\u00e7a, tamb\u00e9m perdeu outro ponteiro, Maur\u00edcio Borges, que sofreu um estiramento no ligamento cruzado. E a sele\u00e7\u00e3o ainda n\u00e3o contou em nenhum momento da competi\u00e7\u00e3o com Lucarelli, ponteiro que ainda se recupera de contus\u00e3o.<\/p>\n<p>Para a Fase Final da Liga das Na\u00e7\u00f5es, o Brasil contou com os levantadores Bruninho e William; os opostos Wallace e Evandro; os centrais Luc\u00e3o, Maur\u00edcio Souza, \u00c9der e Isac; os ponteiros Maur\u00edcio Borges, Lucas L\u00f3h, Douglas e Victor Cardoso, e os l\u00edberos Murilo e Thales.<\/p>\n<p>&nbsp;<\/p>\n<p><strong>Fonte: CBV<\/strong><\/p>\n<p>&nbsp;<\/p>\n","protected":false},"excerpt":{"rendered":"<p>A sele\u00e7\u00e3o brasileira masculina de v\u00f4lei segue entre as melhores equipes do mundo. L\u00edder do ranking mundial e sempre presente nas retas finais dos campeonatos que disputa, o Brasil brigou pela medalha de bronze da primeira edi\u00e7\u00e3o da Liga das Na\u00e7\u00f5es neste domingo, dia 8, mas acabou superado pelos Estados Unidos por 3 sets a [&hellip;]<\/p>\n","protected":false},"author":96,"featured_media":110861,"comment_status":"closed","ping_status":"closed","sticky":false,"template":"","format":"standard","meta":{"footnotes":""},"categories":[257,439],"tags":[],"class_list":["post-110860","post","type-post","status-publish","format-standard","has-post-thumbnail","hentry","category-esporte","category-ultima-hora"],"_links":{"self":[{"href":"https:\/\/diarioregionaldigital.com.br\/index.php?rest_route=\/wp\/v2\/posts\/110860","targetHints":{"allow":["GET"]}}],"collection":[{"href":"https:\/\/diarioregionaldigital.com.br\/index.php?rest_route=\/wp\/v2\/posts"}],"about":[{"href":"https:\/\/diarioregionaldigital.com.br\/index.php?rest_route=\/wp\/v2\/types\/post"}],"author":[{"embeddable":true,"href":"https:\/\/diarioregionaldigital.com.br\/index.php?rest_route=\/wp\/v2\/users\/96"}],"replies":[{"embeddable":true,"href":"https:\/\/diarioregionaldigital.com.br\/index.php?rest_route=%2Fwp%2Fv2%2Fcomments&post=110860"}],"version-history":[{"count":0,"href":"https:\/\/diarioregionaldigital.com.br\/index.php?rest_route=\/wp\/v2\/posts\/110860\/revisions"}],"wp:featuredmedia":[{"embeddable":true,"href":"https:\/\/diarioregionaldigital.com.br\/index.php?rest_route=\/wp\/v2\/media\/110861"}],"wp:attachment":[{"href":"https:\/\/diarioregionaldigital.com.br\/index.php?rest_route=%2Fwp%2Fv2%2Fmedia&parent=110860"}],"wp:term":[{"taxonomy":"category","embeddable":true,"href":"https:\/\/diarioregionaldigital.com.br\/index.php?rest_route=%2Fwp%2Fv2%2Fcategories&post=110860"},{"taxonomy":"post_tag","embeddable":true,"href":"https:\/\/diarioregionaldigital.com.br\/index.php?rest_route=%2Fwp%2Fv2%2Ftags&post=110860"}],"curies":[{"name":"wp","href":"https:\/\/api.w.org\/{rel}","templated":true}]}}