{"id":110825,"date":"2018-07-09T16:36:55","date_gmt":"2018-07-09T19:36:55","guid":{"rendered":"http:\/\/diarioregionaljf.com.br\/?p=110825"},"modified":"2018-07-09T16:36:55","modified_gmt":"2018-07-09T19:36:55","slug":"ferias-no-museu-programacao-conta-com-atividades-para-toda-a-familia","status":"publish","type":"post","link":"https:\/\/diarioregionaldigital.com.br\/?p=110825","title":{"rendered":"\u201cF\u00e9rias no Museu\u201d &#8211; Programa\u00e7\u00e3o conta com atividades para toda a fam\u00edlia"},"content":{"rendered":"<p>Com atividades variadas, a Funda\u00e7\u00e3o Museu \u201cMariano Proc\u00f3pio\u201d abre seu espa\u00e7o para receber o p\u00fablico durante o per\u00edodo de f\u00e9rias escolares. Al\u00e9m da visita\u00e7\u00e3o ao setor hist\u00f3rico-cultural, a institui\u00e7\u00e3o preparou programa\u00e7\u00e3o especial para crian\u00e7as e adultos, com in\u00edcio no dia 17. A iniciativa, al\u00e9m de proporcionar momentos de lazer e descontra\u00e7\u00e3o aos visitantes, visa a aproxima\u00e7\u00e3o de todos com a entidade. Assim como em outras edi\u00e7\u00f5es das \u201cF\u00e9rias&#8221;, foram realizadas parcerias para promo\u00e7\u00e3o de atividades com p\u00fablico diverso. Dentro da programa\u00e7\u00e3o, ser\u00e3o ainda oferecidas atividades di\u00e1rias para toda fam\u00edlia, como visita\u00e7\u00e3o \u00e0 Galeria \u201cMaria Am\u00e1lia\u201d, aberta de ter\u00e7a a sexta-feira, das 10 \u00e0s 17 horas, com entrada gratuita. \u00c9 poss\u00edvel, tamb\u00e9m, organizar piqueniques e caminhadas pelo parque, bosque e trilhas. A \u00e1rea funciona de ter\u00e7a-feira a domingo, das 8 \u00e0s 18 horas. O acesso pela Rua Dom Pedro II \u00e9 de ter\u00e7a a sexta-feira, das 8 \u00e0s 17 horas.<\/p>\n<p><b>Programa\u00e7\u00e3o<\/b><\/p>\n<p><b>Dia 17 &#8211; Turismo da Universidade Federal de Juiz de Fora (UFJF) &#8211; \u201cOficina de F\u00e9rias\u201d &#8211; das 9 \u00e0s 12 horas<\/b><\/p>\n<p>&#8211; Atividades recreativas em frente ao pr\u00e9dio do Museu<\/p>\n<p>&#8211; Crian\u00e7as de cinco a oito anos. Inscri\u00e7\u00e3o 3690-2027 \/ Com 20 vagas para cada dia.<\/p>\n<p><b>Dia 18 &#8211; Turismo UFJF &#8211; \u201cOficina de F\u00e9rias\u201d &#8211; das 9 \u00e0s 12 horas<\/b><\/p>\n<p>&#8211; Brincadeiras e atividades recreativas<\/p>\n<p>&#8211; Crian\u00e7as de nove a 12 anos. Inscri\u00e7\u00e3o 3690-2027 \/ Com 20 vagas para cada dia.<\/p>\n<p><b>Dia 21 &#8211; \u201cCasa X\u201d \u2013 Show com personagens infantis &#8211; a partir das 10 horas<\/b><\/p>\n<p>&#8211; No parque do Museu<\/p>\n<p>&#8211; P\u00fablico livre<\/p>\n<p>\u2013 \u201cBrincafeira\u201d &#8211; das 14 \u00e0s 17 horas<\/p>\n<p>(Brincadeiras, conta\u00e7\u00e3o de hist\u00f3rias e feirinha de livros)<\/p>\n<p>&#8211; No parque do Museu<\/p>\n<p>&#8211; P\u00fablico livre<\/p>\n<p><b>Dia 25 &#8211; \u201cHist\u00f3rias de Arrepiar\u201d, com Margareth Marinho, a partir 14h30<\/b><\/p>\n<p>&#8211; Em frente ao pr\u00e9dio do Museu.<\/p>\n<p>&#8211; P\u00fablico livre<\/p>\n<p><b>Dia 27 &#8211; \u201cEstande da Preserva\u00e7\u00e3o\u201d, das 9 \u00e0s 16 horas<\/b><\/p>\n<p>&#8211; Atividade com a Secretaria de Meio Ambiente (SMA), da Prefeitura de Juiz de Fora (PJF), com distribui\u00e7\u00e3o de mudas de plantas<\/p>\n<p>&#8211; Parque do Museu<\/p>\n<p>&#8211; P\u00fablico livre<\/p>\n<p><b>Dia 29 &#8211; \u201cArteria no Museu\u201d, a partir das 15 horas<\/b><\/p>\n<p>&#8211; Show com a banda \u201cCatavento\u201d<\/p>\n<p>&#8211; Parque do Museu<\/p>\n<p>&#8211; P\u00fablico livre<\/p>\n<p>&nbsp;<\/p>\n<p>&nbsp;<\/p>\n<p>Fonte: Assessoria PJF<\/p>\n","protected":false},"excerpt":{"rendered":"<p>Com atividades variadas, a Funda\u00e7\u00e3o Museu \u201cMariano Proc\u00f3pio\u201d abre seu espa\u00e7o para receber o p\u00fablico durante o per\u00edodo de f\u00e9rias escolares. Al\u00e9m da visita\u00e7\u00e3o ao setor hist\u00f3rico-cultural, a institui\u00e7\u00e3o preparou programa\u00e7\u00e3o especial para crian\u00e7as e adultos, com in\u00edcio no dia 17. A iniciativa, al\u00e9m de proporcionar momentos de lazer e descontra\u00e7\u00e3o aos visitantes, visa a [&hellip;]<\/p>\n","protected":false},"author":96,"featured_media":110826,"comment_status":"closed","ping_status":"closed","sticky":false,"template":"","format":"standard","meta":{"footnotes":""},"categories":[253,436,439],"tags":[],"class_list":["post-110825","post","type-post","status-publish","format-standard","has-post-thumbnail","hentry","category-cidade","category-destaque-da-semana","category-ultima-hora"],"_links":{"self":[{"href":"https:\/\/diarioregionaldigital.com.br\/index.php?rest_route=\/wp\/v2\/posts\/110825","targetHints":{"allow":["GET"]}}],"collection":[{"href":"https:\/\/diarioregionaldigital.com.br\/index.php?rest_route=\/wp\/v2\/posts"}],"about":[{"href":"https:\/\/diarioregionaldigital.com.br\/index.php?rest_route=\/wp\/v2\/types\/post"}],"author":[{"embeddable":true,"href":"https:\/\/diarioregionaldigital.com.br\/index.php?rest_route=\/wp\/v2\/users\/96"}],"replies":[{"embeddable":true,"href":"https:\/\/diarioregionaldigital.com.br\/index.php?rest_route=%2Fwp%2Fv2%2Fcomments&post=110825"}],"version-history":[{"count":0,"href":"https:\/\/diarioregionaldigital.com.br\/index.php?rest_route=\/wp\/v2\/posts\/110825\/revisions"}],"wp:featuredmedia":[{"embeddable":true,"href":"https:\/\/diarioregionaldigital.com.br\/index.php?rest_route=\/wp\/v2\/media\/110826"}],"wp:attachment":[{"href":"https:\/\/diarioregionaldigital.com.br\/index.php?rest_route=%2Fwp%2Fv2%2Fmedia&parent=110825"}],"wp:term":[{"taxonomy":"category","embeddable":true,"href":"https:\/\/diarioregionaldigital.com.br\/index.php?rest_route=%2Fwp%2Fv2%2Fcategories&post=110825"},{"taxonomy":"post_tag","embeddable":true,"href":"https:\/\/diarioregionaldigital.com.br\/index.php?rest_route=%2Fwp%2Fv2%2Ftags&post=110825"}],"curies":[{"name":"wp","href":"https:\/\/api.w.org\/{rel}","templated":true}]}}