{"id":110821,"date":"2018-07-09T16:28:28","date_gmt":"2018-07-09T19:28:28","guid":{"rendered":"http:\/\/diarioregionaljf.com.br\/?p=110821"},"modified":"2018-07-09T16:28:28","modified_gmt":"2018-07-09T19:28:28","slug":"funalfa-abre-inscricoes-para-o-premio-amigo-do-patrimonio","status":"publish","type":"post","link":"https:\/\/diarioregionaldigital.com.br\/?p=110821","title":{"rendered":"Funalfa abre inscri\u00e7\u00f5es para o \u201cPr\u00eamio Amigo do Patrim\u00f4nio\u201d"},"content":{"rendered":"<p>J\u00e1 est\u00e3o abertas as inscri\u00e7\u00f5es para a 13\u00aa edi\u00e7\u00e3o do \u201cPr\u00eamio Amigo do Patrim\u00f4nio\u201d, promovido pela Prefeitura de Juiz de Fora (PJF), por meio da Funda\u00e7\u00e3o Cultural \u201cAlfredo Ferreira Lage\u201d (Funalfa). Ser\u00e3o agraciadas iniciativas de pessoas f\u00edsicas e jur\u00eddicas, de direito p\u00fablico ou privado, que tenham praticado a\u00e7\u00f5es para conserva\u00e7\u00e3o, preserva\u00e7\u00e3o, defesa ou divulga\u00e7\u00e3o do patrim\u00f4nio cultural da cidade, al\u00e9m de a\u00e7\u00f5es que visem a difundir conceitos que auxiliem a compreens\u00e3o do tema.<\/p>\n<p>As indica\u00e7\u00f5es devem ser inscritas at\u00e9 23 de julho, na Divis\u00e3o de Patrim\u00f4nio Cultural (Dipac), na sede da Funalfa (Avenida Rio Branco, 2.234, Centro \u2013 Parque Halfeld). O atendimento acontece das 8 \u00e0s 12 horas e das 14 \u00e0s 18 horas. A cerim\u00f4nia de entrega do pr\u00eamio acontecer\u00e1 em 17 de agosto, quando se comemora o \u201cDia Nacional do Patrim\u00f4nio Hist\u00f3rico\u201d.<\/p>\n<p>No momento da inscri\u00e7\u00e3o, os interessados dever\u00e3o preencher ficha com o nome proposto, endere\u00e7o e telefone, a descri\u00e7\u00e3o da a\u00e7\u00e3o e a justificativa para o merecimento do pr\u00eamio, al\u00e9m de, se poss\u00edvel, anexar \u00e0 ficha fotos e documentos relacionados \u00e0 indica\u00e7\u00e3o.<\/p>\n<p>Podem concorrer iniciativas reconhecidas e indicadas pela comunidade, institui\u00e7\u00f5es e entidades civis e a\u00e7\u00f5es que, mesmo desconhecidas do grande p\u00fablico, configurem-se como atitudes, gestos e interven\u00e7\u00f5es que propiciam novo olhar sobre o patrim\u00f4nio, ampliando o conceito de pertencimento, cidadania e respeito. As indica\u00e7\u00f5es ser\u00e3o avaliadas por comiss\u00e3o indicada pelos membros do Conselho Municipal de Preserva\u00e7\u00e3o do Patrim\u00f4nio Cultural (Comppac).<\/p>\n<p><strong>Amigos do patrim\u00f4nio<\/strong><\/p>\n<p>Na ultima edi\u00e7\u00e3o do \u201cPr\u00eamio Amigo do Patrim\u00f4nio\u201d, os contemplados foram:<\/p>\n<p>&#8211; <strong>Suzana Markus<\/strong> | <strong>\u201cCarabina Cultural\u201d<\/strong>: iniciativa de promo\u00e7\u00e3o da cultura e do patrim\u00f4nio no Distrito de Sarandira, mobilizando a comunidade em rela\u00e7\u00e3o \u00e0 cultura local;<\/p>\n<p>&#8211;<strong>\u201cLaborat\u00f3rio de Patrim\u00f4nios Culturais<\/strong> |<strong> Lapa\u201d<\/strong>: projetos de pesquisa desenvolvidos entre os alunos da Universidade Federal de Juiz de Fora (UFJF), relacionados \u00e0 gest\u00e3o de acervos, destacando e contribuindo para valoriza\u00e7\u00e3o da mem\u00f3ria e forma\u00e7\u00e3o de profissionais;<\/p>\n<p>&#8211; <strong>Projeto de visitas guiadas ao Cine-Theatro Central<\/strong>: incentiva o conhecimento sobre o bem tombado;<\/p>\n<p>&#8211; <strong>M\u00f4nica Cristina Henriques Leite Olender<\/strong>: em reconhecimento aos projetos de restauro aprovados pelo Comppac, refer\u00eancias para outras propostas de im\u00f3veis tombados, al\u00e9m de sua milit\u00e2ncia em prol da preserva\u00e7\u00e3o do patrim\u00f4nio cultural;<\/p>\n<p>&#8211; <strong>Loja Riachuelo<\/strong>: por buscar manter as caracter\u00edsticas da fachada do im\u00f3vel \u00e0 Rua Halfeld, 580, apesar de o mesmo n\u00e3o ser protegido por tombamento, seguindo as diretrizes do decreto que rege a publicidade de pr\u00e9dios protegidos;<\/p>\n<p>&#8211; <strong>P\u00e1gina \u201cPatrim\u00f4nio Cultural: Al\u00e9m da Pedra e cal\u201d<\/strong>: importante ferramenta de divulga\u00e7\u00e3o e a\u00e7\u00f5es de salvaguarda, levando conte\u00fado sobre o tema atrav\u00e9s das redes sociais.<\/p>\n<p>&nbsp;<\/p>\n<p>Fonte: Assessoria PJF<\/p>\n","protected":false},"excerpt":{"rendered":"<p>J\u00e1 est\u00e3o abertas as inscri\u00e7\u00f5es para a 13\u00aa edi\u00e7\u00e3o do \u201cPr\u00eamio Amigo do Patrim\u00f4nio\u201d, promovido pela Prefeitura de Juiz de Fora (PJF), por meio da Funda\u00e7\u00e3o Cultural \u201cAlfredo Ferreira Lage\u201d (Funalfa). Ser\u00e3o agraciadas iniciativas de pessoas f\u00edsicas e jur\u00eddicas, de direito p\u00fablico ou privado, que tenham praticado a\u00e7\u00f5es para conserva\u00e7\u00e3o, preserva\u00e7\u00e3o, defesa ou divulga\u00e7\u00e3o do [&hellip;]<\/p>\n","protected":false},"author":96,"featured_media":105098,"comment_status":"closed","ping_status":"closed","sticky":false,"template":"","format":"standard","meta":{"footnotes":""},"categories":[253,439],"tags":[],"class_list":["post-110821","post","type-post","status-publish","format-standard","has-post-thumbnail","hentry","category-cidade","category-ultima-hora"],"_links":{"self":[{"href":"https:\/\/diarioregionaldigital.com.br\/index.php?rest_route=\/wp\/v2\/posts\/110821","targetHints":{"allow":["GET"]}}],"collection":[{"href":"https:\/\/diarioregionaldigital.com.br\/index.php?rest_route=\/wp\/v2\/posts"}],"about":[{"href":"https:\/\/diarioregionaldigital.com.br\/index.php?rest_route=\/wp\/v2\/types\/post"}],"author":[{"embeddable":true,"href":"https:\/\/diarioregionaldigital.com.br\/index.php?rest_route=\/wp\/v2\/users\/96"}],"replies":[{"embeddable":true,"href":"https:\/\/diarioregionaldigital.com.br\/index.php?rest_route=%2Fwp%2Fv2%2Fcomments&post=110821"}],"version-history":[{"count":0,"href":"https:\/\/diarioregionaldigital.com.br\/index.php?rest_route=\/wp\/v2\/posts\/110821\/revisions"}],"wp:featuredmedia":[{"embeddable":true,"href":"https:\/\/diarioregionaldigital.com.br\/index.php?rest_route=\/wp\/v2\/media\/105098"}],"wp:attachment":[{"href":"https:\/\/diarioregionaldigital.com.br\/index.php?rest_route=%2Fwp%2Fv2%2Fmedia&parent=110821"}],"wp:term":[{"taxonomy":"category","embeddable":true,"href":"https:\/\/diarioregionaldigital.com.br\/index.php?rest_route=%2Fwp%2Fv2%2Fcategories&post=110821"},{"taxonomy":"post_tag","embeddable":true,"href":"https:\/\/diarioregionaldigital.com.br\/index.php?rest_route=%2Fwp%2Fv2%2Ftags&post=110821"}],"curies":[{"name":"wp","href":"https:\/\/api.w.org\/{rel}","templated":true}]}}