{"id":110818,"date":"2018-07-09T16:18:46","date_gmt":"2018-07-09T19:18:46","guid":{"rendered":"http:\/\/diarioregionaljf.com.br\/?p=110818"},"modified":"2018-07-09T16:18:46","modified_gmt":"2018-07-09T19:18:46","slug":"mpf-cobra-medidas-para-garantir-vacinacao-em-mais-de-300-municipios","status":"publish","type":"post","link":"https:\/\/diarioregionaldigital.com.br\/?p=110818","title":{"rendered":"MPF cobra medidas para garantir vacina\u00e7\u00e3o em mais de 300 munic\u00edpios"},"content":{"rendered":"<p>Prefeitos de 312 munic\u00edpios brasileiros foram oficiados pelo Minist\u00e9rio P\u00fablico Federal (MPF) para que adotem as medidas necess\u00e1rias a fim de garantir a adequada vacina\u00e7\u00e3o de crian\u00e7as.<\/p>\n<p>Dados do Minist\u00e9rio da Sa\u00fade apontam que a cobertura vacinal para a poliomielite nessas cidades est\u00e1 abaixo dos 50%, quando a recomenda\u00e7\u00e3o da Organiza\u00e7\u00e3o Mundial da Sa\u00fade (OMS) \u00e9 que o \u00edndice se mantenha em 95%.<\/p>\n<div class=\"dnd-widget-wrapper context-medio_4colunas type-image atom-align-left\">\n<div class=\"dnd-caption-wrapper\">\n<div class=\"meta\"><span style=\"color: #565656; font-size: 15px; line-height: 1.5;\">No of\u00edcio, a procuradora federal dos Direitos do Cidad\u00e3o, Deborah Duprat, solicita que seja ampliado o hor\u00e1rio de funcionamento das salas de vacina, a fim de assegurar a pais e respons\u00e1veis a possibilidade de atendimento fora do hor\u00e1rio comercial.\u00a0<\/span><\/div>\n<\/div>\n<\/div>\n<p>O MPF tamb\u00e9m pede que seja rigorosamente observado o Calend\u00e1rio Nacional de Vacina\u00e7\u00e3o, ainda que se tenha que aplicar mais de uma dose por vez \u2013 exceto se houver recomenda\u00e7\u00e3o m\u00e9dica em contr\u00e1rio.<\/p>\n<p>As 312 prefeituras ter\u00e3o de assegurar a implanta\u00e7\u00e3o do Sistema de Informa\u00e7\u00e3o do Programa Nacional de Imuniza\u00e7\u00e3o e o treinamento adequado de servidores respons\u00e1veis pela utiliza\u00e7\u00e3o do sistema, para que as informa\u00e7\u00f5es de cobertura vacinal cheguem regularmente ao minist\u00e9rio.<\/p>\n<p>Devem ser adotadas ainda medidas para que profissionais da aten\u00e7\u00e3o b\u00e1sica \u2013 inclusive agentes comunit\u00e1rios de sa\u00fade \u2013 fa\u00e7am busca ativa de crian\u00e7as de sua \u00e1rea de abrang\u00eancia que n\u00e3o estejam com a caderneta de vacina\u00e7\u00e3o em dia.<\/p>\n<p>As escolas tamb\u00e9m dever\u00e3o ser chamadas a contribuir com o cumprimento do calend\u00e1rio, sendo orientadas a verificar, no momento da matr\u00edcula, a caderneta de vacina\u00e7\u00e3o do aluno e a informar \u00e0 fam\u00edlia e \u00e0s autoridades sanit\u00e1rias casos de aus\u00eancia de doses obrigat\u00f3rias.<\/p>\n<p>&nbsp;<\/p>\n<p>Fonte: Ag\u00eancia Brasil<\/p>\n","protected":false},"excerpt":{"rendered":"<p>Prefeitos de 312 munic\u00edpios brasileiros foram oficiados pelo Minist\u00e9rio P\u00fablico Federal (MPF) para que adotem as medidas necess\u00e1rias a fim de garantir a adequada vacina\u00e7\u00e3o de crian\u00e7as. Dados do Minist\u00e9rio da Sa\u00fade apontam que a cobertura vacinal para a poliomielite nessas cidades est\u00e1 abaixo dos 50%, quando a recomenda\u00e7\u00e3o da Organiza\u00e7\u00e3o Mundial da Sa\u00fade (OMS) [&hellip;]<\/p>\n","protected":false},"author":96,"featured_media":110819,"comment_status":"closed","ping_status":"closed","sticky":false,"template":"","format":"standard","meta":{"footnotes":""},"categories":[302,439],"tags":[],"class_list":["post-110818","post","type-post","status-publish","format-standard","has-post-thumbnail","hentry","category-brasil-mundo","category-ultima-hora"],"_links":{"self":[{"href":"https:\/\/diarioregionaldigital.com.br\/index.php?rest_route=\/wp\/v2\/posts\/110818","targetHints":{"allow":["GET"]}}],"collection":[{"href":"https:\/\/diarioregionaldigital.com.br\/index.php?rest_route=\/wp\/v2\/posts"}],"about":[{"href":"https:\/\/diarioregionaldigital.com.br\/index.php?rest_route=\/wp\/v2\/types\/post"}],"author":[{"embeddable":true,"href":"https:\/\/diarioregionaldigital.com.br\/index.php?rest_route=\/wp\/v2\/users\/96"}],"replies":[{"embeddable":true,"href":"https:\/\/diarioregionaldigital.com.br\/index.php?rest_route=%2Fwp%2Fv2%2Fcomments&post=110818"}],"version-history":[{"count":0,"href":"https:\/\/diarioregionaldigital.com.br\/index.php?rest_route=\/wp\/v2\/posts\/110818\/revisions"}],"wp:featuredmedia":[{"embeddable":true,"href":"https:\/\/diarioregionaldigital.com.br\/index.php?rest_route=\/wp\/v2\/media\/110819"}],"wp:attachment":[{"href":"https:\/\/diarioregionaldigital.com.br\/index.php?rest_route=%2Fwp%2Fv2%2Fmedia&parent=110818"}],"wp:term":[{"taxonomy":"category","embeddable":true,"href":"https:\/\/diarioregionaldigital.com.br\/index.php?rest_route=%2Fwp%2Fv2%2Fcategories&post=110818"},{"taxonomy":"post_tag","embeddable":true,"href":"https:\/\/diarioregionaldigital.com.br\/index.php?rest_route=%2Fwp%2Fv2%2Ftags&post=110818"}],"curies":[{"name":"wp","href":"https:\/\/api.w.org\/{rel}","templated":true}]}}