{"id":110815,"date":"2018-07-09T16:07:16","date_gmt":"2018-07-09T19:07:16","guid":{"rendered":"http:\/\/diarioregionaljf.com.br\/?p=110815"},"modified":"2018-07-09T16:07:16","modified_gmt":"2018-07-09T19:07:16","slug":"jovem-e-preso-no-bairro-granja-dos-tres-moinhos","status":"publish","type":"post","link":"https:\/\/diarioregionaldigital.com.br\/?p=110815","title":{"rendered":"Jovem \u00e9 preso no bairro Granja dos Tr\u00eas Moinhos"},"content":{"rendered":"<p>Um jovem de 22 anos foi preso pela Pol\u00edcia Militar (PM) nessa segunda-feira, 9, no bairro Granja dos Tr\u00eas Moinhos, zona Leste de Juiz de Fora.<\/p>\n<p>De acordo com os militares, o autor foi visto em atitude suspeita e, ao perceber que seria abordado, fugiu por matagal e, em seguida, entrou em uma resid\u00eancia localizada na Rua Nossa Senhora do L\u00edbano, bairro Graja\u00fa, na mesma regi\u00e3o.<\/p>\n<p>Ao refazerem o percurso feito pelo suspeito, a PM encontrou uma pistola calibre 38 com numera\u00e7\u00e3o raspada e carregada com seis cartuchos intactos.<\/p>\n<p>Todo o trabalho foi acompanhado pela propriet\u00e1ria do local, que disse aos militares n\u00e3o conhecer o autor.<\/p>\n<p>&nbsp;<\/p>\n<p>Fonte: Assessoria PM<\/p>\n","protected":false},"excerpt":{"rendered":"<p>Um jovem de 22 anos foi preso pela Pol\u00edcia Militar (PM) nessa segunda-feira, 9, no bairro Granja dos Tr\u00eas Moinhos, zona Leste de Juiz de Fora. De acordo com os militares, o autor foi visto em atitude suspeita e, ao perceber que seria abordado, fugiu por matagal e, em seguida, entrou em uma resid\u00eancia localizada [&hellip;]<\/p>\n","protected":false},"author":96,"featured_media":110816,"comment_status":"closed","ping_status":"closed","sticky":false,"template":"","format":"standard","meta":{"footnotes":""},"categories":[301,439],"tags":[],"class_list":["post-110815","post","type-post","status-publish","format-standard","has-post-thumbnail","hentry","category-artigos-policiais","category-ultima-hora"],"_links":{"self":[{"href":"https:\/\/diarioregionaldigital.com.br\/index.php?rest_route=\/wp\/v2\/posts\/110815","targetHints":{"allow":["GET"]}}],"collection":[{"href":"https:\/\/diarioregionaldigital.com.br\/index.php?rest_route=\/wp\/v2\/posts"}],"about":[{"href":"https:\/\/diarioregionaldigital.com.br\/index.php?rest_route=\/wp\/v2\/types\/post"}],"author":[{"embeddable":true,"href":"https:\/\/diarioregionaldigital.com.br\/index.php?rest_route=\/wp\/v2\/users\/96"}],"replies":[{"embeddable":true,"href":"https:\/\/diarioregionaldigital.com.br\/index.php?rest_route=%2Fwp%2Fv2%2Fcomments&post=110815"}],"version-history":[{"count":0,"href":"https:\/\/diarioregionaldigital.com.br\/index.php?rest_route=\/wp\/v2\/posts\/110815\/revisions"}],"wp:featuredmedia":[{"embeddable":true,"href":"https:\/\/diarioregionaldigital.com.br\/index.php?rest_route=\/wp\/v2\/media\/110816"}],"wp:attachment":[{"href":"https:\/\/diarioregionaldigital.com.br\/index.php?rest_route=%2Fwp%2Fv2%2Fmedia&parent=110815"}],"wp:term":[{"taxonomy":"category","embeddable":true,"href":"https:\/\/diarioregionaldigital.com.br\/index.php?rest_route=%2Fwp%2Fv2%2Fcategories&post=110815"},{"taxonomy":"post_tag","embeddable":true,"href":"https:\/\/diarioregionaldigital.com.br\/index.php?rest_route=%2Fwp%2Fv2%2Ftags&post=110815"}],"curies":[{"name":"wp","href":"https:\/\/api.w.org\/{rel}","templated":true}]}}