{"id":110810,"date":"2018-07-09T15:46:18","date_gmt":"2018-07-09T18:46:18","guid":{"rendered":"http:\/\/diarioregionaljf.com.br\/?p=110810"},"modified":"2018-07-09T15:46:18","modified_gmt":"2018-07-09T18:46:18","slug":"agentes-de-transporte-e-transito-recebem-certificado-do-curso-de-capacitacao","status":"publish","type":"post","link":"https:\/\/diarioregionaldigital.com.br\/?p=110810","title":{"rendered":"Agentes de transporte e tr\u00e2nsito recebem certificado do curso de capacita\u00e7\u00e3o"},"content":{"rendered":"<p>Terminou no s\u00e1bado, 7, o \u201cCurso de Capacita\u00e7\u00e3o dos Agentes de Transporte e Tr\u00e2nsito (ATT)\u201d, no audit\u00f3rio da Escola de Governo. O prefeito Ant\u00f4nio Almas, acompanhado dos secret\u00e1rios de Transporte e Tr\u00e2nsito, Rodrigo Tortoriello, e de Administra\u00e7\u00e3o e Recursos Humanos, Andreia Goreske, fez a entrega do certificado aos servidores.<\/p>\n<p>O curso, com 70 agentes do Departamento de Fiscaliza\u00e7\u00e3o de Transporte e Tr\u00e2nsito (DFTT), da Secretaria de Transporte e Tr\u00e2nsito (Settra), teve dura\u00e7\u00e3o de 385 horas, divididas em cinco turmas. O objetivo geral foi promover o desenvolvimento pessoal e social e a atualiza\u00e7\u00e3o t\u00e9cnica dos agentes, que tiveram oportunidade de rever as legisla\u00e7\u00f5es de transporte, tr\u00e2nsito e fiscaliza\u00e7\u00e3o, al\u00e9m de ampliar as no\u00e7\u00f5es de engenharia de tr\u00e1fego, opera\u00e7\u00f5es e educa\u00e7\u00e3o para o tr\u00e2nsito e meio ambiente. Tamb\u00e9m foram abordados temas relacionados ao comportamento profissional, com \u00eanfase na manuten\u00e7\u00e3o da postura \u00e9tica e proativa dos agentes.<\/p>\n<p>Os conte\u00fados foram elaborados pelo DFTT, em conjunto com o Departamento de Desenvolvimento do Servidor (DDS) da Subsecretaria de Desenvolvimento Institucional (SSDI) da Secretaria de Administra\u00e7\u00e3o e Recursos Humanos (SARH). Contando com instrutores da pr\u00f3pria Prefeitura de Juiz de Fora (PJF) e de parceiros, como as pol\u00edcias Rodovi\u00e1ria Federal (PRF) e Militar (PM); e o Cons\u00f3rcio Intermunicipal de Sa\u00fade para Gerenciamento da Rede de Urg\u00eancia e Emerg\u00eancia da Macrossudeste (Cisdeste).<\/p>\n<p>Para a agente Danielle Loures, a capacita\u00e7\u00e3o deu oportunidade aos servidores de estarem em contato ainda mais pr\u00f3ximo com outras equipes da PJF e de outros \u00f3rg\u00e3os, como PRF, PM, Corpo de Bombeiro, etc, sendo maneira de promover a troca de conhecimento: \u201cNos ajudou muito, pois foi troca de experi\u00eancia com outros \u00f3rg\u00e3os. Foi poss\u00edvel o estudo de casos relacionados ao nosso trabalho, aprendemos mais sobre legisla\u00e7\u00e3o do C\u00f3digo de Tr\u00e2nsito Brasileiro. \u00c9 mais uma melhoria para o desenvolvimento do nosso trabalho.\u201d<\/p>\n<p>Durante a abertura do evento, a gerente DDS, Claudia Stumpf, apresentou informa\u00e7\u00f5es sobre todo o per\u00edodo de capacita\u00e7\u00e3o. O instrutor do Departamento de Pol\u00edcia Rodovi\u00e1ria Federal, Junie Penna, fechou o evento, com a palestra &#8220;Como Enfrentar e Resolver os Problemas no Tr\u00e2nsito &#8211; Estar Presente \u00e9 o Primeiro Passo.&#8221;<\/p>\n<p>O prefeito Ant\u00f4nio Almas, juntamente com os secret\u00e1rios Rodrigo Tortoriello e Andreia Goreske fez a entrega simb\u00f3lica certificados aos agentes Afonso Celso Radtke e Danielle Maria de O. Gomes Loures, os demais poder\u00e3o pegar o documento a partir desta segunda-feira, 9, na Escola de Governo.<\/p>\n<p><b>Agentes do DFTT<\/b><\/p>\n<p>A classe de agente de transporte e tr\u00e2nsito foi criada pela Lei Municipal 11.308, de 1\u00ba de fevereiro de 2007, vinculada \u00e0 estrutura organizacional da Settra. Todas as atribui\u00e7\u00f5es dos agentes podem ser conferidas no Portal da PJF.<\/p>\n<p>&nbsp;<\/p>\n<p>Fonte: Assessoria PJF<\/p>\n","protected":false},"excerpt":{"rendered":"<p>Terminou no s\u00e1bado, 7, o \u201cCurso de Capacita\u00e7\u00e3o dos Agentes de Transporte e Tr\u00e2nsito (ATT)\u201d, no audit\u00f3rio da Escola de Governo. O prefeito Ant\u00f4nio Almas, acompanhado dos secret\u00e1rios de Transporte e Tr\u00e2nsito, Rodrigo Tortoriello, e de Administra\u00e7\u00e3o e Recursos Humanos, Andreia Goreske, fez a entrega do certificado aos servidores. O curso, com 70 agentes do [&hellip;]<\/p>\n","protected":false},"author":96,"featured_media":110813,"comment_status":"closed","ping_status":"closed","sticky":false,"template":"","format":"standard","meta":{"footnotes":""},"categories":[253,439],"tags":[],"class_list":["post-110810","post","type-post","status-publish","format-standard","has-post-thumbnail","hentry","category-cidade","category-ultima-hora"],"_links":{"self":[{"href":"https:\/\/diarioregionaldigital.com.br\/index.php?rest_route=\/wp\/v2\/posts\/110810","targetHints":{"allow":["GET"]}}],"collection":[{"href":"https:\/\/diarioregionaldigital.com.br\/index.php?rest_route=\/wp\/v2\/posts"}],"about":[{"href":"https:\/\/diarioregionaldigital.com.br\/index.php?rest_route=\/wp\/v2\/types\/post"}],"author":[{"embeddable":true,"href":"https:\/\/diarioregionaldigital.com.br\/index.php?rest_route=\/wp\/v2\/users\/96"}],"replies":[{"embeddable":true,"href":"https:\/\/diarioregionaldigital.com.br\/index.php?rest_route=%2Fwp%2Fv2%2Fcomments&post=110810"}],"version-history":[{"count":0,"href":"https:\/\/diarioregionaldigital.com.br\/index.php?rest_route=\/wp\/v2\/posts\/110810\/revisions"}],"wp:featuredmedia":[{"embeddable":true,"href":"https:\/\/diarioregionaldigital.com.br\/index.php?rest_route=\/wp\/v2\/media\/110813"}],"wp:attachment":[{"href":"https:\/\/diarioregionaldigital.com.br\/index.php?rest_route=%2Fwp%2Fv2%2Fmedia&parent=110810"}],"wp:term":[{"taxonomy":"category","embeddable":true,"href":"https:\/\/diarioregionaldigital.com.br\/index.php?rest_route=%2Fwp%2Fv2%2Fcategories&post=110810"},{"taxonomy":"post_tag","embeddable":true,"href":"https:\/\/diarioregionaldigital.com.br\/index.php?rest_route=%2Fwp%2Fv2%2Ftags&post=110810"}],"curies":[{"name":"wp","href":"https:\/\/api.w.org\/{rel}","templated":true}]}}