{"id":110801,"date":"2018-07-09T15:10:34","date_gmt":"2018-07-09T18:10:34","guid":{"rendered":"http:\/\/diarioregionaljf.com.br\/?p=110801"},"modified":"2018-07-09T15:47:51","modified_gmt":"2018-07-09T18:47:51","slug":"problemas-enfrentados-pelos-moradores-dos-bairros-alto-dos-passos-e-sao-mateus-serao-debatidos-em-audiencia-no-dia-11","status":"publish","type":"post","link":"https:\/\/diarioregionaldigital.com.br\/?p=110801","title":{"rendered":"Problemas enfrentados pelos moradores dos bairros Alto dos Passos e S\u00e3o Mateus ser\u00e3o debatidos em audi\u00eancia no dia 11"},"content":{"rendered":"<div>A C\u00e2mara Municipal de Juiz de Fora agendou audi\u00eancia p\u00fablica para o 7\u00ba per\u00edodo legislativo. Na pr\u00f3xima quarta-feira, 11, est\u00e1 marcada audi\u00eancia para tratar sobre os problemas que os comerciantes, moradores e frequentadores dos bairros S\u00e3o Mateus e Alto dos Passos est\u00e3o enfrentando; como a viol\u00eancia urbana, flanelinha, vandalismo entre outros. A autoria da a\u00e7\u00e3o \u00e9 dos vereadores que comp\u00f5em a Comiss\u00e3o Permanente de Abastecimento, Ind\u00fastria, Com\u00e9rcio, Agropecu\u00e1ria e Defesa do Consumidor; composta pelos vereadores Marlon Siqueira (MDB), Vagner de Oliveira (PSC), Kennedy Ribeiro (MDB) e Charlles Evangelista (PSL); e tamb\u00e9m do vereador Z\u00e9 M\u00e1rcio (PV).<\/div>\n<div><\/div>\n<div>Foram convocados a integrar a mesa os secret\u00e1rios de Governo, de Seguran\u00e7a Urbana e Cidadania, de Desenvolvimento Social, de Atividades Urbanas, de Desenvolvimento Econ\u00f4mico, Trabalho e Turismo, Subsecretaria de Vigil\u00e2ncia em Sa\u00fade e Procon. A audi\u00eancia \u00e9 aberta ao p\u00fablico e tamb\u00e9m transmitida ao vivo pela JFTV C\u00e2mara, canal 35.1.<\/div>\n<div><\/div>\n<div>Fonte: Assessoria C\u00e2mara JF<\/div>\n","protected":false},"excerpt":{"rendered":"<p>A C\u00e2mara Municipal de Juiz de Fora agendou audi\u00eancia p\u00fablica para o 7\u00ba per\u00edodo legislativo. Na pr\u00f3xima quarta-feira, 11, est\u00e1 marcada audi\u00eancia para tratar sobre os problemas que os comerciantes, moradores e frequentadores dos bairros S\u00e3o Mateus e Alto dos Passos est\u00e3o enfrentando; como a viol\u00eancia urbana, flanelinha, vandalismo entre outros. A autoria da a\u00e7\u00e3o [&hellip;]<\/p>\n","protected":false},"author":96,"featured_media":110802,"comment_status":"closed","ping_status":"closed","sticky":false,"template":"","format":"standard","meta":{"footnotes":""},"categories":[254,439],"tags":[],"class_list":["post-110801","post","type-post","status-publish","format-standard","has-post-thumbnail","hentry","category-politica","category-ultima-hora"],"_links":{"self":[{"href":"https:\/\/diarioregionaldigital.com.br\/index.php?rest_route=\/wp\/v2\/posts\/110801","targetHints":{"allow":["GET"]}}],"collection":[{"href":"https:\/\/diarioregionaldigital.com.br\/index.php?rest_route=\/wp\/v2\/posts"}],"about":[{"href":"https:\/\/diarioregionaldigital.com.br\/index.php?rest_route=\/wp\/v2\/types\/post"}],"author":[{"embeddable":true,"href":"https:\/\/diarioregionaldigital.com.br\/index.php?rest_route=\/wp\/v2\/users\/96"}],"replies":[{"embeddable":true,"href":"https:\/\/diarioregionaldigital.com.br\/index.php?rest_route=%2Fwp%2Fv2%2Fcomments&post=110801"}],"version-history":[{"count":0,"href":"https:\/\/diarioregionaldigital.com.br\/index.php?rest_route=\/wp\/v2\/posts\/110801\/revisions"}],"wp:featuredmedia":[{"embeddable":true,"href":"https:\/\/diarioregionaldigital.com.br\/index.php?rest_route=\/wp\/v2\/media\/110802"}],"wp:attachment":[{"href":"https:\/\/diarioregionaldigital.com.br\/index.php?rest_route=%2Fwp%2Fv2%2Fmedia&parent=110801"}],"wp:term":[{"taxonomy":"category","embeddable":true,"href":"https:\/\/diarioregionaldigital.com.br\/index.php?rest_route=%2Fwp%2Fv2%2Fcategories&post=110801"},{"taxonomy":"post_tag","embeddable":true,"href":"https:\/\/diarioregionaldigital.com.br\/index.php?rest_route=%2Fwp%2Fv2%2Ftags&post=110801"}],"curies":[{"name":"wp","href":"https:\/\/api.w.org\/{rel}","templated":true}]}}