{"id":110791,"date":"2018-07-09T13:29:55","date_gmt":"2018-07-09T16:29:55","guid":{"rendered":"http:\/\/diarioregionaljf.com.br\/?p=110791"},"modified":"2018-07-09T13:29:55","modified_gmt":"2018-07-09T16:29:55","slug":"habeas-corpus-de-lula-so-pode-ser-julgado-por-stj-defende-pgr","status":"publish","type":"post","link":"https:\/\/diarioregionaldigital.com.br\/?p=110791","title":{"rendered":"Habeas corpus de Lula s\u00f3 pode ser julgado por STJ, defende PGR"},"content":{"rendered":"<p>A Procuradoria-Geral da Rep\u00fablica (PGR) defendeu que nenhum desembargador do Tribunal Regional Federal da 4\u00aa Regi\u00e3o (TRF4) tem mais compet\u00eancia para julgar habeas corpus do ex-presidente Luiz In\u00e1cio Lula da Silva. Qualquer pedido de liberdade somente pode ser encaminhado ao Superior Tribunal de Justi\u00e7a (STJ), argumentou o \u00f3rg\u00e3o.<\/p>\n<p>Em documento encaminhado \u00e0 presidente do STJ, ministra Laurita Vaz, na noite de domingo, 8, o vice-procurador-geral da Rep\u00fablica, Humberto Jaques, pede que ela assegure a compet\u00eancia exclusiva do tribunal superior para julgar habeas corpus de Lula.<\/p>\n<p>Na vis\u00e3o da PGR, a ordem de pris\u00e3o de Lula foi proferida por um dos colegiados do TRF4, a Oitava Turma, o que teria exaurido por completo a compet\u00eancia da segunda inst\u00e2ncia da Justi\u00e7a Federal para julgar qualquer pedido de liberdade do ex-presidente.<\/p>\n<p>Humberto Jaques pede ainda que o STJ determine \u00e0 Pol\u00edcia Federal (PF) que n\u00e3o cumpra decis\u00f5es relativas \u00e0 pris\u00e3o de Lula que sejam proferidas pelas primeiras e segunda inst\u00e2ncias, obedecendo apenas \u00e0s determina\u00e7\u00f5es tribunais superiores.<\/p>\n<p>Neste domingo, 8, ap\u00f3s ser acionado pelo MPF, o presidente do TRF4, desembargador Thompson Flores, desautorizou decis\u00e3o do desembargador plantonista Rog\u00e9rio Favreto, que havia determinado a soltura de Lula. Com isso, o ex-presidente permanece preso na Superintend\u00eancia da Pol\u00edcia Federal em Curitiba.<\/p>\n<p>Em texto publicado no site da PGR, a procuradora-geral Raquel Dodge disse que \u201cs\u00e3o provas de uma atua\u00e7\u00e3o que respeita as inst\u00e2ncias judiciais e defende o pleno funcionamento das institui\u00e7\u00f5es que comp\u00f5em o nosso sistema de Justi\u00e7a&#8221;.<\/p>\n<p>&nbsp;<\/p>\n<p>Fonte: Ag\u00eancia Brasil<\/p>\n","protected":false},"excerpt":{"rendered":"<p>A Procuradoria-Geral da Rep\u00fablica (PGR) defendeu que nenhum desembargador do Tribunal Regional Federal da 4\u00aa Regi\u00e3o (TRF4) tem mais compet\u00eancia para julgar habeas corpus do ex-presidente Luiz In\u00e1cio Lula da Silva. Qualquer pedido de liberdade somente pode ser encaminhado ao Superior Tribunal de Justi\u00e7a (STJ), argumentou o \u00f3rg\u00e3o. Em documento encaminhado \u00e0 presidente do STJ, [&hellip;]<\/p>\n","protected":false},"author":96,"featured_media":110789,"comment_status":"closed","ping_status":"closed","sticky":false,"template":"","format":"standard","meta":{"footnotes":""},"categories":[254,439],"tags":[],"class_list":["post-110791","post","type-post","status-publish","format-standard","has-post-thumbnail","hentry","category-politica","category-ultima-hora"],"_links":{"self":[{"href":"https:\/\/diarioregionaldigital.com.br\/index.php?rest_route=\/wp\/v2\/posts\/110791","targetHints":{"allow":["GET"]}}],"collection":[{"href":"https:\/\/diarioregionaldigital.com.br\/index.php?rest_route=\/wp\/v2\/posts"}],"about":[{"href":"https:\/\/diarioregionaldigital.com.br\/index.php?rest_route=\/wp\/v2\/types\/post"}],"author":[{"embeddable":true,"href":"https:\/\/diarioregionaldigital.com.br\/index.php?rest_route=\/wp\/v2\/users\/96"}],"replies":[{"embeddable":true,"href":"https:\/\/diarioregionaldigital.com.br\/index.php?rest_route=%2Fwp%2Fv2%2Fcomments&post=110791"}],"version-history":[{"count":0,"href":"https:\/\/diarioregionaldigital.com.br\/index.php?rest_route=\/wp\/v2\/posts\/110791\/revisions"}],"wp:featuredmedia":[{"embeddable":true,"href":"https:\/\/diarioregionaldigital.com.br\/index.php?rest_route=\/wp\/v2\/media\/110789"}],"wp:attachment":[{"href":"https:\/\/diarioregionaldigital.com.br\/index.php?rest_route=%2Fwp%2Fv2%2Fmedia&parent=110791"}],"wp:term":[{"taxonomy":"category","embeddable":true,"href":"https:\/\/diarioregionaldigital.com.br\/index.php?rest_route=%2Fwp%2Fv2%2Fcategories&post=110791"},{"taxonomy":"post_tag","embeddable":true,"href":"https:\/\/diarioregionaldigital.com.br\/index.php?rest_route=%2Fwp%2Fv2%2Ftags&post=110791"}],"curies":[{"name":"wp","href":"https:\/\/api.w.org\/{rel}","templated":true}]}}