{"id":110785,"date":"2018-07-09T13:05:04","date_gmt":"2018-07-09T16:05:04","guid":{"rendered":"http:\/\/diarioregionaljf.com.br\/?p=110785"},"modified":"2018-07-09T13:10:03","modified_gmt":"2018-07-09T16:10:03","slug":"homem-e-morto-a-facadas-em-cataguases","status":"publish","type":"post","link":"https:\/\/diarioregionaldigital.com.br\/?p=110785","title":{"rendered":"Homem \u00e9 morto a facadas em Cataguases"},"content":{"rendered":"<div>Um homem, de 44 anos, foi morto a golpes de faca na madrugada dessa segunda-feira, 09, por causa de drogas. O fato aconteceu por volta das 4h, na Rua Eponina Peixoto Ribeiro, no Bairro Granjaria, em Cataguases. O suspeito foi localizado pouco tempo depois e ao ser preso, confessou o crime, conforme o registro policial.<\/div>\n<div>A v\u00edtima, chegou a ser socorrida no local por uma equipe do SAMU &#8211; Servi\u00e7o de Atendimento M\u00f3vel de Urg\u00eancia &#8211; mas n\u00e3o resistiu. A per\u00edcia t\u00e9cnica da Pol\u00edcia Civil foi acionada e ap\u00f3s realizar seu trabalho de praxe liberou o corpo e o local do crime.<\/div>\n<div><\/div>\n<div>De acordo com a Pol\u00edcia Militar, que compareceu ao local, o autor, de 39 anos, foi preso pouco tempo depois escondido nas depend\u00eancias do Col\u00e9gio Cataguases. Ao ser preso, o suspeito confirmou os fatos narrados momentos antes por uma testemunha aos militares segundo a qual, o autor teria repassado a quantia de R$20 para a v\u00edtima comprar crack. Ao retornar, entregou a droga ao autor que disse ser pouca quantidade pelo valor pago e exigiu que lhe repassasse o restante. Diante da negativa da v\u00edtima, eles entraram em luta corporal e num determinado momento golpeou com um bast\u00e3o, que caiu ao ch\u00e3o sendo golpeado v\u00e1ria vezes com uma faca, fugindo em seguida.<\/div>\n<div><\/div>\n<div>Durante a pris\u00e3o do suspeito os policiais tamb\u00e9m apreenderam a faca supostamente utilizada no crime. O autor foi levado ao Pronto-Socorro do Hospital de Cataguases onde passou por exames m\u00e9dicos e conduzido \u00e0 Delegacia de Pol\u00edcia Civil de Cataguases para prestar depoimento.<\/div>\n<div><\/div>\n<div>Fonte: Marcelo Lopes<\/div>\n","protected":false},"excerpt":{"rendered":"<p>Um homem, de 44 anos, foi morto a golpes de faca na madrugada dessa segunda-feira, 09, por causa de drogas. O fato aconteceu por volta das 4h, na Rua Eponina Peixoto Ribeiro, no Bairro Granjaria, em Cataguases. O suspeito foi localizado pouco tempo depois e ao ser preso, confessou o crime, conforme o registro policial. [&hellip;]<\/p>\n","protected":false},"author":96,"featured_media":95105,"comment_status":"closed","ping_status":"closed","sticky":false,"template":"","format":"standard","meta":{"footnotes":""},"categories":[252],"tags":[],"class_list":["post-110785","post","type-post","status-publish","format-standard","has-post-thumbnail","hentry","category-regiao"],"_links":{"self":[{"href":"https:\/\/diarioregionaldigital.com.br\/index.php?rest_route=\/wp\/v2\/posts\/110785","targetHints":{"allow":["GET"]}}],"collection":[{"href":"https:\/\/diarioregionaldigital.com.br\/index.php?rest_route=\/wp\/v2\/posts"}],"about":[{"href":"https:\/\/diarioregionaldigital.com.br\/index.php?rest_route=\/wp\/v2\/types\/post"}],"author":[{"embeddable":true,"href":"https:\/\/diarioregionaldigital.com.br\/index.php?rest_route=\/wp\/v2\/users\/96"}],"replies":[{"embeddable":true,"href":"https:\/\/diarioregionaldigital.com.br\/index.php?rest_route=%2Fwp%2Fv2%2Fcomments&post=110785"}],"version-history":[{"count":0,"href":"https:\/\/diarioregionaldigital.com.br\/index.php?rest_route=\/wp\/v2\/posts\/110785\/revisions"}],"wp:featuredmedia":[{"embeddable":true,"href":"https:\/\/diarioregionaldigital.com.br\/index.php?rest_route=\/wp\/v2\/media\/95105"}],"wp:attachment":[{"href":"https:\/\/diarioregionaldigital.com.br\/index.php?rest_route=%2Fwp%2Fv2%2Fmedia&parent=110785"}],"wp:term":[{"taxonomy":"category","embeddable":true,"href":"https:\/\/diarioregionaldigital.com.br\/index.php?rest_route=%2Fwp%2Fv2%2Fcategories&post=110785"},{"taxonomy":"post_tag","embeddable":true,"href":"https:\/\/diarioregionaldigital.com.br\/index.php?rest_route=%2Fwp%2Fv2%2Ftags&post=110785"}],"curies":[{"name":"wp","href":"https:\/\/api.w.org\/{rel}","templated":true}]}}