{"id":110769,"date":"2018-07-09T11:09:02","date_gmt":"2018-07-09T14:09:02","guid":{"rendered":"http:\/\/diarioregionaljf.com.br\/?p=110769"},"modified":"2018-07-09T11:09:02","modified_gmt":"2018-07-09T14:09:02","slug":"pf-faz-operacao-de-combate-ao-trafico-internacional-de-drogas","status":"publish","type":"post","link":"https:\/\/diarioregionaldigital.com.br\/?p=110769","title":{"rendered":"PF faz opera\u00e7\u00e3o de combate ao tr\u00e1fico internacional de drogas"},"content":{"rendered":"<p>A Pol\u00edcia Federal (PF) deflagrou nesta segunda-feira, 9, a Opera\u00e7\u00e3o Antigoon, com o objetivo de desarticular uma quadrilha especializada no tr\u00e1fico internacional de drogas e que se utilizava do transporte mar\u00edtimo para cometer o crime.<\/p>\n<p>A a\u00e7\u00e3o foi deflagrada nas primeiras horas desta segunda-feira e mobiliza cerca de 100 policiais federais, que cumprem 21 mandados de busca e apreens\u00e3o e 15 mandados de pris\u00e3o preventiva em tr\u00eas estados: Rio de Janeiro, S\u00e3o Paulo e Esp\u00edrito Santo.<\/p>\n<p>As investiga\u00e7\u00f5es da PF, que contaram com o apoio da Receita Federal, se estenderam por aproximadamente um ano\u00a0 e descobriram que o grupo utilizava cont\u00eaineres, transportados em navios, para enviar droga \u00e0 Europa.<\/p>\n<p>Durante as investiga\u00e7\u00f5es, foram apreendidas cerca de 4 toneladas de coca\u00edna em portos espalhados pelo pa\u00eds, como do Rio de Janeiro, de Vit\u00f3ria, Santos, de Salvador e de Suape (PE).<\/p>\n<p>Nas apura\u00e7\u00f5es, a Pol\u00edcia Federal tamb\u00e9m buscou identificar o destino da droga para fechar o cerco em torno da organiza\u00e7\u00e3o e desarticular o bra\u00e7o internacional do grupo.<\/p>\n<p>Com o apoio dos institutos de coopera\u00e7\u00e3o policial internacional, foram feitas apreens\u00f5es nos portos de Antu\u00e9rpia, na B\u00e9lgica; Gioia Tauro, na It\u00e1lia; e Val\u00eancia, na Espanha.<\/p>\n<p>A coopera\u00e7\u00e3o se deu com a participa\u00e7\u00e3o dos adidos da PF no exterior e dos representantes das pol\u00edcias estrangeiras que atuam no Brasil. Os investigados responder\u00e3o por tr\u00e1fico internacional de drogas e associa\u00e7\u00e3o para o tr\u00e1fico, cujas penas podem chegar a 25 anos de pris\u00e3o.<\/p>\n<p>Antigoon refere-se a uma lenda sobre a origem do nome da cidade de Antu\u00e9rpia, principal destino da droga na Europa. Segundo a lenda, um gigante chamado Antigoon cobrava valores de quem atravessasse o Rio Escalda e cortava uma das m\u00e3os daqueles que se recusassem a pagar. Antigoon foi morto por um jovem chamado Brabo, que cortou a m\u00e3o do pr\u00f3prio gigante e atirou-a ao rio. Da\u00ed o nome Antwerpen &#8211; hand (m\u00e3o) e wearpan (arremessar).<\/p>\n<p>Fonte: Ag\u00eancia Brasil<\/p>\n","protected":false},"excerpt":{"rendered":"<p>A Pol\u00edcia Federal (PF) deflagrou nesta segunda-feira, 9, a Opera\u00e7\u00e3o Antigoon, com o objetivo de desarticular uma quadrilha especializada no tr\u00e1fico internacional de drogas e que se utilizava do transporte mar\u00edtimo para cometer o crime. A a\u00e7\u00e3o foi deflagrada nas primeiras horas desta segunda-feira e mobiliza cerca de 100 policiais federais, que cumprem 21 mandados [&hellip;]<\/p>\n","protected":false},"author":96,"featured_media":110773,"comment_status":"closed","ping_status":"closed","sticky":false,"template":"","format":"standard","meta":{"footnotes":""},"categories":[302,439],"tags":[],"class_list":["post-110769","post","type-post","status-publish","format-standard","has-post-thumbnail","hentry","category-brasil-mundo","category-ultima-hora"],"_links":{"self":[{"href":"https:\/\/diarioregionaldigital.com.br\/index.php?rest_route=\/wp\/v2\/posts\/110769","targetHints":{"allow":["GET"]}}],"collection":[{"href":"https:\/\/diarioregionaldigital.com.br\/index.php?rest_route=\/wp\/v2\/posts"}],"about":[{"href":"https:\/\/diarioregionaldigital.com.br\/index.php?rest_route=\/wp\/v2\/types\/post"}],"author":[{"embeddable":true,"href":"https:\/\/diarioregionaldigital.com.br\/index.php?rest_route=\/wp\/v2\/users\/96"}],"replies":[{"embeddable":true,"href":"https:\/\/diarioregionaldigital.com.br\/index.php?rest_route=%2Fwp%2Fv2%2Fcomments&post=110769"}],"version-history":[{"count":0,"href":"https:\/\/diarioregionaldigital.com.br\/index.php?rest_route=\/wp\/v2\/posts\/110769\/revisions"}],"wp:featuredmedia":[{"embeddable":true,"href":"https:\/\/diarioregionaldigital.com.br\/index.php?rest_route=\/wp\/v2\/media\/110773"}],"wp:attachment":[{"href":"https:\/\/diarioregionaldigital.com.br\/index.php?rest_route=%2Fwp%2Fv2%2Fmedia&parent=110769"}],"wp:term":[{"taxonomy":"category","embeddable":true,"href":"https:\/\/diarioregionaldigital.com.br\/index.php?rest_route=%2Fwp%2Fv2%2Fcategories&post=110769"},{"taxonomy":"post_tag","embeddable":true,"href":"https:\/\/diarioregionaldigital.com.br\/index.php?rest_route=%2Fwp%2Fv2%2Ftags&post=110769"}],"curies":[{"name":"wp","href":"https:\/\/api.w.org\/{rel}","templated":true}]}}