{"id":110760,"date":"2018-07-09T11:04:10","date_gmt":"2018-07-09T14:04:10","guid":{"rendered":"http:\/\/diarioregionaljf.com.br\/?p=110760"},"modified":"2018-07-09T11:10:34","modified_gmt":"2018-07-09T14:10:34","slug":"dois-sao-presos-por-assalto-a-hotel-no-centro","status":"publish","type":"post","link":"https:\/\/diarioregionaldigital.com.br\/?p=110760","title":{"rendered":"Dois s\u00e3o presos por assalto a hotel no Centro"},"content":{"rendered":"<p>Dois jovens, de 25 e 26 anos, foram detidos pela Pol\u00edcia Militar (PM) ap\u00f3s assaltarem um hotel na Rua Halfeld, regi\u00e3o Central, na manh\u00e3 desta segunda-feira, 9.<\/p>\n<p>Segundo \u00a0informa\u00e7\u00f5es da PM, durante a a\u00e7\u00e3o criminosa um dos autores simulou estar armado. A dupla roubou R$380 do caixa do estabelecimento, fugindo em sequ\u00eancia.<\/p>\n<p>De posse das caracter\u00edsticas dos assaltantes, os militares iniciariam rastreamento. Em contato com um taxista que se encontrava nas imedia\u00e7\u00f5es do hotel, os policiais foram informados de que os autores haviam embarcado em outro t\u00e1xi.<\/p>\n<p>&nbsp;<\/p>\n<div id=\"attachment_110768\" style=\"width: 410px\" class=\"wp-caption aligncenter\"><img loading=\"lazy\" decoding=\"async\" aria-describedby=\"caption-attachment-110768\" class=\"wp-image-110768\" src=\"http:\/\/diarioregionaljf.com.br\/wp-content\/uploads\/2018\/07\/assaltohotel-768x1024.jpg\" alt=\"\" width=\"400\" height=\"533\" srcset=\"https:\/\/diarioregionaldigital.com.br\/wp-content\/uploads\/2018\/07\/assaltohotel-768x1024.jpg 768w, https:\/\/diarioregionaldigital.com.br\/wp-content\/uploads\/2018\/07\/assaltohotel-225x300.jpg 225w, https:\/\/diarioregionaldigital.com.br\/wp-content\/uploads\/2018\/07\/assaltohotel-360x480.jpg 360w, https:\/\/diarioregionaldigital.com.br\/wp-content\/uploads\/2018\/07\/assaltohotel.jpg 864w\" sizes=\"auto, (max-width: 400px) 100vw, 400px\" \/><p id=\"caption-attachment-110768\" class=\"wp-caption-text\">Com os assaltantes foi encontrada uma parte do dinheiro roubado. Foto: Divulga\u00e7\u00e3o<\/p><\/div>\n<p>Foi realizado contato com o motorista respons\u00e1vel pela corrida e o mesmo relatou que a dupla havia desembarcado na Garganta do Dilermando. Uma guarni\u00e7\u00e3o se deslocou at\u00e9 o local e, ao perceber a aproxima\u00e7\u00e3o da PM, os autores empreenderam fuga, mas foram perseguidos e detidos pelos militares.<\/p>\n<p>Com os assaltantes foram encontrados R$355, parte do dinheiro roubado. Eles foram presos em flagrante e conduzidos para delegacia de Pol\u00edcia Civil (PC).<\/p>\n","protected":false},"excerpt":{"rendered":"<p>Dois jovens, de 25 e 26 anos, foram detidos pela Pol\u00edcia Militar (PM) ap\u00f3s assaltarem um hotel na Rua Halfeld, regi\u00e3o Central, na manh\u00e3 desta segunda-feira, 9. Segundo \u00a0informa\u00e7\u00f5es da PM, durante a a\u00e7\u00e3o criminosa um dos autores simulou estar armado. A dupla roubou R$380 do caixa do estabelecimento, fugindo em sequ\u00eancia. De posse das [&hellip;]<\/p>\n","protected":false},"author":96,"featured_media":110770,"comment_status":"closed","ping_status":"closed","sticky":false,"template":"","format":"standard","meta":{"footnotes":""},"categories":[301,439],"tags":[],"class_list":["post-110760","post","type-post","status-publish","format-standard","has-post-thumbnail","hentry","category-artigos-policiais","category-ultima-hora"],"_links":{"self":[{"href":"https:\/\/diarioregionaldigital.com.br\/index.php?rest_route=\/wp\/v2\/posts\/110760","targetHints":{"allow":["GET"]}}],"collection":[{"href":"https:\/\/diarioregionaldigital.com.br\/index.php?rest_route=\/wp\/v2\/posts"}],"about":[{"href":"https:\/\/diarioregionaldigital.com.br\/index.php?rest_route=\/wp\/v2\/types\/post"}],"author":[{"embeddable":true,"href":"https:\/\/diarioregionaldigital.com.br\/index.php?rest_route=\/wp\/v2\/users\/96"}],"replies":[{"embeddable":true,"href":"https:\/\/diarioregionaldigital.com.br\/index.php?rest_route=%2Fwp%2Fv2%2Fcomments&post=110760"}],"version-history":[{"count":0,"href":"https:\/\/diarioregionaldigital.com.br\/index.php?rest_route=\/wp\/v2\/posts\/110760\/revisions"}],"wp:featuredmedia":[{"embeddable":true,"href":"https:\/\/diarioregionaldigital.com.br\/index.php?rest_route=\/wp\/v2\/media\/110770"}],"wp:attachment":[{"href":"https:\/\/diarioregionaldigital.com.br\/index.php?rest_route=%2Fwp%2Fv2%2Fmedia&parent=110760"}],"wp:term":[{"taxonomy":"category","embeddable":true,"href":"https:\/\/diarioregionaldigital.com.br\/index.php?rest_route=%2Fwp%2Fv2%2Fcategories&post=110760"},{"taxonomy":"post_tag","embeddable":true,"href":"https:\/\/diarioregionaldigital.com.br\/index.php?rest_route=%2Fwp%2Fv2%2Ftags&post=110760"}],"curies":[{"name":"wp","href":"https:\/\/api.w.org\/{rel}","templated":true}]}}