{"id":110727,"date":"2018-07-08T11:00:59","date_gmt":"2018-07-08T14:00:59","guid":{"rendered":"http:\/\/diarioregionaljf.com.br\/?p=110727"},"modified":"2018-07-09T07:48:46","modified_gmt":"2018-07-09T10:48:46","slug":"trf-4-concede-habeas-corpus-ao-ex-presidente-lula","status":"publish","type":"post","link":"https:\/\/diarioregionaldigital.com.br\/?p=110727","title":{"rendered":"TRF-4 concede habeas corpus ao ex-presidente Lula"},"content":{"rendered":"<p>O desembargador federal Rog\u00e9rio Favreto, do TRF-4, concedeu neste domingo, 8,\u00a0<em>habeas corpu<\/em>s ao ex-presidente Luiz In\u00e1cio Lula da Silva. A decis\u00e3o deve ser cumprida em regime de urg\u00eancia, ainda neste domingo, e por n\u00e3o se tratar de dia \u00fatil, ser\u00e1 dispensado o exame de corpo de delito, caso seja de interesse do pr\u00f3prio Lula.<\/p>\n<p>Rog\u00e9rio Favreto entendeu que havia \u201cgrave comprometimento ao princ\u00edpio da liberdade\u201d j\u00e1 que ainda n\u00e3o h\u00e1 decis\u00e3o transitada em julgado.<\/p>\n<p>\u201cIsso significa, portanto, que o instituto da pris\u00e3o cautelar &#8211; considerada a fun\u00e7\u00e3o exclusivamente processual que lhe \u00e9 inerente &#8211; n\u00e3o pode ser utilizado com o objetivo de promover a antecipa\u00e7\u00e3o satisfativa da pretens\u00e3o punitiva do Estado, pois, se assim fosse l\u00edcito entender, subverter-se-ia a finalidade da pris\u00e3o preventiva, da\u00ed resultando grave comprometimento ao princ\u00edpio da liberdade\u201d, argumentou o desembargador.<\/p>\n<p>A soltura do ex-presidente concedida por Favreto contraria diversas decis\u00f5es. No final do m\u00eas passado, o ministro do Supremo Tribunal Federal (STF) Alexandre de Moraes decidiu negar<a href=\"http:\/\/agenciabrasil.ebc.com.br\/justica\/noticia\/2018-06\/alexandre-de-moraes-nega-pedido-de-liberdade-de-lula\" target=\"_blank\" rel=\"noopener\">\u00a0pedido de liberdade<\/a>\u00a0feito pela defesa de Lula. O ministro tamb\u00e9m rejeitou pedido para que o recurso seja julgado pela Segunda Turma da Corte, e n\u00e3o pelo plen\u00e1rio.<\/p>\n<p>Lula est\u00e1 preso na Superintend\u00eancia da Pol\u00edcia Federal em Curitiba, desde o dia 7 de abril, por determina\u00e7\u00e3o do juiz S\u00e9rgio Moro, que determinou a execu\u00e7\u00e3o provis\u00f3ria da pena de 12 anos de pris\u00e3o na a\u00e7\u00e3o penal do triplex do Guaruj\u00e1 (SP), ap\u00f3s o fim dos recursos na segunda inst\u00e2ncia da Justi\u00e7a.<\/p>\n<p>A soltura do ex-presidente concedida por Favreto contraria diversas decis\u00f5es contr\u00e1rias. No final do m\u00eas passado, o ministro do Supremo Tribunal Federal (STF) Alexandre de Moraes decidiu negar pedido de liberdade feito pela defesa de Lula. O ministro tamb\u00e9m rejeitou outro pedido para que o recurso seja julgado pela Segunda Turma da Corte, e n\u00e3o pelo plen\u00e1rio.<\/p>\n","protected":false},"excerpt":{"rendered":"<p>O desembargador federal Rog\u00e9rio Favreto, do TRF-4, concedeu neste domingo, 8,\u00a0habeas corpus ao ex-presidente Luiz In\u00e1cio Lula da Silva. A decis\u00e3o deve ser cumprida em regime de urg\u00eancia, ainda neste domingo, e por n\u00e3o se tratar de dia \u00fatil, ser\u00e1 dispensado o exame de corpo de delito, caso seja de interesse do pr\u00f3prio Lula. Rog\u00e9rio [&hellip;]<\/p>\n","protected":false},"author":96,"featured_media":110728,"comment_status":"closed","ping_status":"closed","sticky":false,"template":"","format":"standard","meta":{"footnotes":""},"categories":[254,439],"tags":[],"class_list":["post-110727","post","type-post","status-publish","format-standard","has-post-thumbnail","hentry","category-politica","category-ultima-hora"],"_links":{"self":[{"href":"https:\/\/diarioregionaldigital.com.br\/index.php?rest_route=\/wp\/v2\/posts\/110727","targetHints":{"allow":["GET"]}}],"collection":[{"href":"https:\/\/diarioregionaldigital.com.br\/index.php?rest_route=\/wp\/v2\/posts"}],"about":[{"href":"https:\/\/diarioregionaldigital.com.br\/index.php?rest_route=\/wp\/v2\/types\/post"}],"author":[{"embeddable":true,"href":"https:\/\/diarioregionaldigital.com.br\/index.php?rest_route=\/wp\/v2\/users\/96"}],"replies":[{"embeddable":true,"href":"https:\/\/diarioregionaldigital.com.br\/index.php?rest_route=%2Fwp%2Fv2%2Fcomments&post=110727"}],"version-history":[{"count":0,"href":"https:\/\/diarioregionaldigital.com.br\/index.php?rest_route=\/wp\/v2\/posts\/110727\/revisions"}],"wp:featuredmedia":[{"embeddable":true,"href":"https:\/\/diarioregionaldigital.com.br\/index.php?rest_route=\/wp\/v2\/media\/110728"}],"wp:attachment":[{"href":"https:\/\/diarioregionaldigital.com.br\/index.php?rest_route=%2Fwp%2Fv2%2Fmedia&parent=110727"}],"wp:term":[{"taxonomy":"category","embeddable":true,"href":"https:\/\/diarioregionaldigital.com.br\/index.php?rest_route=%2Fwp%2Fv2%2Fcategories&post=110727"},{"taxonomy":"post_tag","embeddable":true,"href":"https:\/\/diarioregionaldigital.com.br\/index.php?rest_route=%2Fwp%2Fv2%2Ftags&post=110727"}],"curies":[{"name":"wp","href":"https:\/\/api.w.org\/{rel}","templated":true}]}}