{"id":110714,"date":"2018-07-08T06:00:47","date_gmt":"2018-07-08T09:00:47","guid":{"rendered":"http:\/\/diarioregionaljf.com.br\/?p=110714"},"modified":"2018-08-13T20:25:50","modified_gmt":"2018-08-13T23:25:50","slug":"prefeitura-municipal-de-tocantins-licitacao-no-065-08-07-18","status":"publish","type":"post","link":"https:\/\/diarioregionaldigital.com.br\/?p=110714","title":{"rendered":"Prefeitura Municipal de Tocantins &#8211; Licita\u00e7\u00e3o n\u00ba 065 08\/07\/18"},"content":{"rendered":"<p style=\"text-align: center;\"><strong>AVISO DE LICITA\u00c7\u00c3O<\/strong><\/p>\n<p style=\"text-align: center;\"><strong>Licita\u00e7\u00e3o n\u00b0 065\/2018<\/strong><\/p>\n<p style=\"text-align: center;\"><strong>Modalidade de Preg\u00e3o Presencial n\u00b0 049\/2018<\/strong><\/p>\n<p style=\"text-align: center;\">O Munic\u00edpio de TOCANTINS, na forma da lei, faz saber a todos os interessados que far\u00e1 licita\u00e7\u00e3o na modalidade de preg\u00e3o presencial para aquisi\u00e7\u00e3o de dois ve\u00edculos, tipo passeio, ambos 0KM (primeiro emplacamento), cor branco s\u00f3lido, para uso da Secretaria Municipal de Sa\u00fade, com descri\u00e7\u00f5es no termo de refer\u00eancia t\u00e9cnica,\u00a0para atender a Secretaria de Sa\u00fade\u00a0do Munic\u00edpio, no dia 20\/07\/2018 as 13:30 horas na sala da comiss\u00e3o de licita\u00e7\u00e3o, localizada na Av. Padre Mac\u00e1rio, n\u00b0 129, bairro Centro, munic\u00edpio de TOCANTINS. O edital completo encontra-se a disposi\u00e7\u00e3o dos interessados no endere\u00e7o citado anteriormente, no hor\u00e1rio de expediente de 08:00 as 11:00 horas e das 13:00 as 16:00 horas. TOCANTINS, 06 de julho de 2018.\u00a0<strong>JANSEN PASCHOALINO ROCHA &#8211; Pregoeiro<\/strong><\/p>\n","protected":false},"excerpt":{"rendered":"<p>AVISO DE LICITA\u00c7\u00c3O Licita\u00e7\u00e3o n\u00b0 065\/2018 Modalidade de Preg\u00e3o Presencial n\u00b0 049\/2018 O Munic\u00edpio de TOCANTINS, na forma da lei, faz saber a todos os interessados que far\u00e1 licita\u00e7\u00e3o na modalidade de preg\u00e3o presencial para aquisi\u00e7\u00e3o de dois ve\u00edculos, tipo passeio, ambos 0KM (primeiro emplacamento), cor branco s\u00f3lido, para uso da Secretaria Municipal de Sa\u00fade, [&hellip;]<\/p>\n","protected":false},"author":96,"featured_media":0,"comment_status":"closed","ping_status":"closed","sticky":false,"template":"","format":"standard","meta":{"footnotes":""},"categories":[307],"tags":[],"class_list":["post-110714","post","type-post","status-publish","format-standard","hentry","category-editais"],"_links":{"self":[{"href":"https:\/\/diarioregionaldigital.com.br\/index.php?rest_route=\/wp\/v2\/posts\/110714","targetHints":{"allow":["GET"]}}],"collection":[{"href":"https:\/\/diarioregionaldigital.com.br\/index.php?rest_route=\/wp\/v2\/posts"}],"about":[{"href":"https:\/\/diarioregionaldigital.com.br\/index.php?rest_route=\/wp\/v2\/types\/post"}],"author":[{"embeddable":true,"href":"https:\/\/diarioregionaldigital.com.br\/index.php?rest_route=\/wp\/v2\/users\/96"}],"replies":[{"embeddable":true,"href":"https:\/\/diarioregionaldigital.com.br\/index.php?rest_route=%2Fwp%2Fv2%2Fcomments&post=110714"}],"version-history":[{"count":0,"href":"https:\/\/diarioregionaldigital.com.br\/index.php?rest_route=\/wp\/v2\/posts\/110714\/revisions"}],"wp:attachment":[{"href":"https:\/\/diarioregionaldigital.com.br\/index.php?rest_route=%2Fwp%2Fv2%2Fmedia&parent=110714"}],"wp:term":[{"taxonomy":"category","embeddable":true,"href":"https:\/\/diarioregionaldigital.com.br\/index.php?rest_route=%2Fwp%2Fv2%2Fcategories&post=110714"},{"taxonomy":"post_tag","embeddable":true,"href":"https:\/\/diarioregionaldigital.com.br\/index.php?rest_route=%2Fwp%2Fv2%2Ftags&post=110714"}],"curies":[{"name":"wp","href":"https:\/\/api.w.org\/{rel}","templated":true}]}}