{"id":110710,"date":"2018-07-08T06:00:55","date_gmt":"2018-07-08T09:00:55","guid":{"rendered":"http:\/\/diarioregionaljf.com.br\/?p=110710"},"modified":"2018-08-13T20:25:49","modified_gmt":"2018-08-13T23:25:49","slug":"prefeitura-municipal-de-tocantins-licitacao-no054-08-07-18","status":"publish","type":"post","link":"https:\/\/diarioregionaldigital.com.br\/?p=110710","title":{"rendered":"Prefeitura Municipal de Tocantins -Licita\u00e7\u00e3o n\u00ba054 08\/07\/18"},"content":{"rendered":"<p style=\"text-align: center;\"><strong>PREFEITURA MUNICIPAL DE TOCANTINS-MG<\/strong><\/p>\n<p style=\"text-align: center;\"><strong>AVISO DE ERRATA<\/strong><\/p>\n<p style=\"text-align: center;\"><strong>LICITA\u00c7\u00c3O N\u00b0 054\/2018<\/strong><\/p>\n<p style=\"text-align: center;\"><strong>MODALIDADE DE PREG\u00c3O PRESENCIAL N\u00b0042\/2018<\/strong><\/p>\n<p style=\"text-align: center;\">O Munic\u00edpio de TOCANTINS, na forma da lei, faz saber a todos quantos o presente edital virem, ou dele conhecimento tiverem, que incluiu no item XI do edital a seguinte dota\u00e7\u00e3o or\u00e7ament\u00e1ria: 02.08.01.08.244.007.2.0067 \u2013 DESENVOLVIMENTO DO CRAS. Fica mantido todos os demais termos do contrato. Para conhecimento de todos os interessados, expediu-se o presente que ser\u00e1 afixado no lugar de costume, publicando-se na forma da lei. TOCANTINS, 06 de julho de 2018.<\/p>\n<p style=\"text-align: center;\"><strong> JANSEN PASCHOALINO ROCHA\u00a0&#8211; PREGOEIRO<\/strong><\/p>\n","protected":false},"excerpt":{"rendered":"<p>PREFEITURA MUNICIPAL DE TOCANTINS-MG AVISO DE ERRATA LICITA\u00c7\u00c3O N\u00b0 054\/2018 MODALIDADE DE PREG\u00c3O PRESENCIAL N\u00b0042\/2018 O Munic\u00edpio de TOCANTINS, na forma da lei, faz saber a todos quantos o presente edital virem, ou dele conhecimento tiverem, que incluiu no item XI do edital a seguinte dota\u00e7\u00e3o or\u00e7ament\u00e1ria: 02.08.01.08.244.007.2.0067 \u2013 DESENVOLVIMENTO DO CRAS. Fica mantido todos [&hellip;]<\/p>\n","protected":false},"author":96,"featured_media":0,"comment_status":"closed","ping_status":"closed","sticky":false,"template":"","format":"standard","meta":{"footnotes":""},"categories":[307],"tags":[],"class_list":["post-110710","post","type-post","status-publish","format-standard","hentry","category-editais"],"_links":{"self":[{"href":"https:\/\/diarioregionaldigital.com.br\/index.php?rest_route=\/wp\/v2\/posts\/110710","targetHints":{"allow":["GET"]}}],"collection":[{"href":"https:\/\/diarioregionaldigital.com.br\/index.php?rest_route=\/wp\/v2\/posts"}],"about":[{"href":"https:\/\/diarioregionaldigital.com.br\/index.php?rest_route=\/wp\/v2\/types\/post"}],"author":[{"embeddable":true,"href":"https:\/\/diarioregionaldigital.com.br\/index.php?rest_route=\/wp\/v2\/users\/96"}],"replies":[{"embeddable":true,"href":"https:\/\/diarioregionaldigital.com.br\/index.php?rest_route=%2Fwp%2Fv2%2Fcomments&post=110710"}],"version-history":[{"count":0,"href":"https:\/\/diarioregionaldigital.com.br\/index.php?rest_route=\/wp\/v2\/posts\/110710\/revisions"}],"wp:attachment":[{"href":"https:\/\/diarioregionaldigital.com.br\/index.php?rest_route=%2Fwp%2Fv2%2Fmedia&parent=110710"}],"wp:term":[{"taxonomy":"category","embeddable":true,"href":"https:\/\/diarioregionaldigital.com.br\/index.php?rest_route=%2Fwp%2Fv2%2Fcategories&post=110710"},{"taxonomy":"post_tag","embeddable":true,"href":"https:\/\/diarioregionaldigital.com.br\/index.php?rest_route=%2Fwp%2Fv2%2Ftags&post=110710"}],"curies":[{"name":"wp","href":"https:\/\/api.w.org\/{rel}","templated":true}]}}