{"id":110700,"date":"2018-07-06T12:53:06","date_gmt":"2018-07-06T15:53:06","guid":{"rendered":"http:\/\/diarioregionaljf.com.br\/?p=110700"},"modified":"2018-07-06T12:53:06","modified_gmt":"2018-07-06T15:53:06","slug":"policia-civil-e-militar-prendem-quatro-pessoas-por-trafico-de-drogas-em-pirapetinga","status":"publish","type":"post","link":"https:\/\/diarioregionaldigital.com.br\/?p=110700","title":{"rendered":"Pol\u00edcia Civil e Militar prendem quatro pessoas por tr\u00e1fico de drogas em Pirapetinga"},"content":{"rendered":"<p>Nessa quarta-feira, 5, a Pol\u00edcia Civil, com apoio da Pol\u00edcia Militar, prenderam quatro pessoas, entre 21 e 32 anos, pelos crimes de tr\u00e1fico de drogas e associa\u00e7\u00e3o para o tr\u00e1fico, posse de arma de fogo e muni\u00e7\u00e3o, na cidade de \u00a0Pirapetinga.<\/p>\n<p>Conforme a Delegada Fl\u00e1via Granado, os alvos t\u00eam sido investigados h\u00e1 aproximadamente tr\u00eas meses. Policiais civis de Pirapetinga, com o apoio da Delegacia de Pol\u00edcia Civil de Al\u00e9m Para\u00edba e de policiais militares, deram cumprimento ao mandado de busca e apreens\u00e3o na resid\u00eancia de um homem de 32 anos, na zona rural do munic\u00edpio.<\/p>\n<p>Foram apreendidos bin\u00f3culos, uma bucha e tr\u00eas tabletes de maconha de aproximadamente 600 gramas, cinco barras da mesma droga, cerca de 40 gramas de crack, 100 gramas de pasta base de coca\u00edna, um pino pequeno com coca\u00edna, 220 pinos vazios, duas balan\u00e7as de precis\u00e3o, R$1.935,10, sete aparelhos celulares e uma espingarda calibre 12.<\/p>\n<p>Al\u00e9m disso, tamb\u00e9m foram localizados quatro cartuchos vazio calibre 12, 43 cartuchos intactos calibre 22, um cartucho intacto calibre 38, dois cartuchos intactos calibre 32, um cartucho intacto calibre 12 e diversas embalagens e pacotes para embalar droga.<\/p>\n<p>Na a\u00e7\u00e3o, foram utilizados um drone e uma equipe especializa com c\u00e3es. Ao final, a Delegada representou pela convers\u00e3o da pris\u00e3o em flagrante em pris\u00e3o preventiva.<\/p>\n<p>Todos os quatro suspeitos se encontram na unidade prisional, \u00e0 disposi\u00e7\u00e3o da Justi\u00e7a.<\/p>\n<p>&nbsp;<\/p>\n<p>Fonte: Assessoria PC<\/p>\n","protected":false},"excerpt":{"rendered":"<p>Nessa quarta-feira, 5, a Pol\u00edcia Civil, com apoio da Pol\u00edcia Militar, prenderam quatro pessoas, entre 21 e 32 anos, pelos crimes de tr\u00e1fico de drogas e associa\u00e7\u00e3o para o tr\u00e1fico, posse de arma de fogo e muni\u00e7\u00e3o, na cidade de \u00a0Pirapetinga. Conforme a Delegada Fl\u00e1via Granado, os alvos t\u00eam sido investigados h\u00e1 aproximadamente tr\u00eas meses. [&hellip;]<\/p>\n","protected":false},"author":96,"featured_media":110704,"comment_status":"closed","ping_status":"closed","sticky":false,"template":"","format":"standard","meta":{"footnotes":""},"categories":[252,439],"tags":[],"class_list":["post-110700","post","type-post","status-publish","format-standard","has-post-thumbnail","hentry","category-regiao","category-ultima-hora"],"_links":{"self":[{"href":"https:\/\/diarioregionaldigital.com.br\/index.php?rest_route=\/wp\/v2\/posts\/110700","targetHints":{"allow":["GET"]}}],"collection":[{"href":"https:\/\/diarioregionaldigital.com.br\/index.php?rest_route=\/wp\/v2\/posts"}],"about":[{"href":"https:\/\/diarioregionaldigital.com.br\/index.php?rest_route=\/wp\/v2\/types\/post"}],"author":[{"embeddable":true,"href":"https:\/\/diarioregionaldigital.com.br\/index.php?rest_route=\/wp\/v2\/users\/96"}],"replies":[{"embeddable":true,"href":"https:\/\/diarioregionaldigital.com.br\/index.php?rest_route=%2Fwp%2Fv2%2Fcomments&post=110700"}],"version-history":[{"count":0,"href":"https:\/\/diarioregionaldigital.com.br\/index.php?rest_route=\/wp\/v2\/posts\/110700\/revisions"}],"wp:featuredmedia":[{"embeddable":true,"href":"https:\/\/diarioregionaldigital.com.br\/index.php?rest_route=\/wp\/v2\/media\/110704"}],"wp:attachment":[{"href":"https:\/\/diarioregionaldigital.com.br\/index.php?rest_route=%2Fwp%2Fv2%2Fmedia&parent=110700"}],"wp:term":[{"taxonomy":"category","embeddable":true,"href":"https:\/\/diarioregionaldigital.com.br\/index.php?rest_route=%2Fwp%2Fv2%2Fcategories&post=110700"},{"taxonomy":"post_tag","embeddable":true,"href":"https:\/\/diarioregionaldigital.com.br\/index.php?rest_route=%2Fwp%2Fv2%2Ftags&post=110700"}],"curies":[{"name":"wp","href":"https:\/\/api.w.org\/{rel}","templated":true}]}}