{"id":110696,"date":"2018-07-20T06:00:42","date_gmt":"2018-07-20T09:00:42","guid":{"rendered":"http:\/\/diarioregionaljf.com.br\/?p=110696"},"modified":"2018-11-22T22:50:57","modified_gmt":"2018-11-23T00:50:57","slug":"motoristas-devem-estar-atentos-a-documentacao-e-manutencao-do-veiculo-antes-das-viagens-de-ferias","status":"publish","type":"post","link":"https:\/\/diarioregionaldigital.com.br\/?p=110696","title":{"rendered":"Motoristas devem estar atentos a documenta\u00e7\u00e3o e manuten\u00e7\u00e3o do ve\u00edculo antes das viagens de f\u00e9rias"},"content":{"rendered":"<p>Com as f\u00e9rias escolares durante o m\u00eas de julho, muitas fam\u00edlias planejam viagens e com a expectativa para a chegada deste per\u00edodo podem esquecer-se de alguns itens de seguran\u00e7a no tr\u00e2nsito que fazem toda a diferente na hora de enfrentar as rodovias.<\/p>\n<p>O Chefe do N\u00facleo de Policiamento e Fiscaliza\u00e7\u00e3o da Pol\u00edcia Rodovi\u00e1ria Federal (PRF) de Juiz de Fora, Leonardo Facio, destacou que o principal pedido aos motoristas \u00e9 por prud\u00eancia e refor\u00e7ou alguns pontos que devem ser vistoriados no ve\u00edculo antes da viagem. \u201cDeve-se sempre verificar os equipamento obrigat\u00f3rios, conferir o estado do sistema de ilumina\u00e7\u00e3o, o estado dos limpadores para-brisas, dar manuten\u00e7\u00e3o nos freios, fazer trocas de pastilhas, verificar a troca de \u00f3leo e principalmente o estado dos pneus. Temos observado muitos acidentes graves, em decorr\u00eancia de ve\u00edculos com pneus em mau estado de conserva\u00e7\u00e3o\u201d.<\/p>\n<p>Os documentos necess\u00e1rios para viagem tamb\u00e9m devem estar em dia. \u201cOs motoristas devem estar atentos ao licenciamento, principalmente os de ve\u00edculos emplacados em Minas Gerais. Desde o dia 1\u00ba de julho j\u00e1 est\u00e1 sendo fiscalizado e cobrado o certificado de registro e licenciamento de ve\u00edculo (CRLV) para placas com final 1 at\u00e9 5. Para os ve\u00edculos de final 6 ate 0 a cobran\u00e7a come\u00e7a no dia 1 de agosto\u201d explicou Facio.<\/p>\n<p>Os motoristas quem n\u00e3o tiverem com documenta\u00e7\u00f5es em dia devem buscar o Departamento\u00a0Estadual de Tr\u00e2nsito (DETRAN) para providenciar o licenciamento. O motorista abordado sem essa documenta\u00e7\u00e3o pode ter o veiculo removido para o p\u00e1tio da PRF.<\/p>\n<div id=\"attachment_112167\" style=\"width: 840px\" class=\"wp-caption aligncenter\"><img loading=\"lazy\" decoding=\"async\" aria-describedby=\"caption-attachment-112167\" class=\"wp-image-112167 size-full\" src=\"http:\/\/diarioregionaljf.com.br\/wp-content\/uploads\/2018\/07\/viagem-3.jpg\" alt=\"\" width=\"830\" height=\"554\" srcset=\"https:\/\/diarioregionaldigital.com.br\/wp-content\/uploads\/2018\/07\/viagem-3.jpg 830w, https:\/\/diarioregionaldigital.com.br\/wp-content\/uploads\/2018\/07\/viagem-3-300x200.jpg 300w, https:\/\/diarioregionaldigital.com.br\/wp-content\/uploads\/2018\/07\/viagem-3-768x513.jpg 768w, https:\/\/diarioregionaldigital.com.br\/wp-content\/uploads\/2018\/07\/viagem-3-360x240.jpg 360w\" sizes=\"auto, (max-width: 830px) 100vw, 830px\" \/><p id=\"caption-attachment-112167\" class=\"wp-caption-text\">Alguns itens de seguran\u00e7a no tr\u00e2nsito que fazem toda a diferente na hora de enfrentar as rodovias. Foto: Arquivo\/J\u00e9ssica Pereira<\/p><\/div>\n<p>Em rela\u00e7\u00e3o \u00e0 viagem propriamente dita, ao percurso, deve-se ter muito cuidado com excesso de velocidade, ultrapassagens em locais proibidos e consumo de bebida alco\u00f3lica. De acordo com Facio, \u201cainda s\u00e3o atendidos muitos acidentes com v\u00edtimas graves devido o consumo de bebidas alco\u00f3licas por motoristas. Tamb\u00e9m vemos muitos acidentes devido a ultrapassagem, muitas vezes at\u00e9 em local permitido\u201d.<\/p>\n<p>O cinto de seguran\u00e7a, um item sempre falado, mas nem sempre utilizado, faz toda a diferen\u00e7a em rela\u00e7\u00e3o a seguran\u00e7a de quem o usa no ve\u00edculo. O Chefe de Fiscaliza\u00e7\u00e3o refor\u00e7ou a import\u00e2ncia do uso do cinto durante a viagem. \u201cTemos atendido muitos acidentes onde se o passageiro estivesse usando cinto, a probabilidade sofrer les\u00f5es s\u00edria muito mais de baixa. Os acidentes tem tido v\u00edtimas fatais justamente pelo n\u00e3o uso do cinto de seguran\u00e7a. Observamos isso em viagens curtas ou em trajeto pr\u00f3ximo a resid\u00eancias das pessoas. Muitas vezes vemos fam\u00edlias viajando, onde os pais usam cinto nos bancos da frente, mas crian\u00e7as e idosos no banco de tr\u00e1s n\u00e3o. H\u00e1 muitos casos de crian\u00e7as e idos v\u00edtimas fatais devido a essa quest\u00e3o\u201d.<\/p>\n<p>Vale destacar que as crian\u00e7as devem viajar sempre no banco de tr\u00e1s. Beb\u00eas de at\u00e9 um ano usam o beb\u00ea-conforto, crian\u00e7as de 1 a 4 anos utilizam a cadeirinha e crian\u00e7as de 4 a 7 anos devem usar o acento de eleva\u00e7\u00e3o. O uso desses equipamentos \u00e9 obrigat\u00f3rio, entretanto, muitas fam\u00edlias o negligenciam.<\/p>\n<p>Facio relatou a preocupa\u00e7\u00e3o da PRF em rela\u00e7\u00e3o a ve\u00edculos com quatro pessoas no banco de tr\u00e1s. \u201cNo caso de carros com vagas para apenas tr\u00eas pessoas no banco de tr\u00e1s, isso n\u00e3o pode acontecer. Temos que respeitar a quantidade de cintos de seguran\u00e7a que temos no ve\u00edculo\u201d alertou.<\/p>\n<p>O planejamento da viagem, como por exemplo, hor\u00e1rios de partida, roteiros, e pontos de parada tamb\u00e9m s\u00e3o de extrema import\u00e2ncia para a tranquilidade do motorista e dos passageiros. \u201cN\u00e3o adianta voc\u00ea pegar em um carro para viajar ap\u00f3s um dia inteiro de trabalho, cansado e com sono. Ou ent\u00e3o, se programar para sair muito cedo sem ter conseguido ter uma boa noite sono. O ideal \u00e9 o motorista viajar descansado, que durma bem antes da viagem, que se alimente bem, que n\u00e3o fa\u00e7a refei\u00e7\u00f5es pesada, nem antes nem durante o percurso. Evitar consumo de bebida alco\u00f3lica na v\u00e9spera da viagem tamb\u00e9m contribui. Isso tudo promove um descanso maior para o motorista e faz com que a viagem seja mais segura. Al\u00e9m disso, evitar iniciar uma viagem sem conhecer o caminho a percorrer, sem planejar paradas para refei\u00e7\u00e3o e descanso\u201d orientou o Chefe de Fiscaliza\u00e7\u00e3o.<\/p>\n<p>A escolha do hor\u00e1rio para realizar a viagem tamb\u00e9m deve ser levada em considera\u00e7\u00e3o. \u201cApesar de muitas pessoas preferirem viajar a noite, alegando a menor presen\u00e7a de ve\u00edculos, a recomenda\u00e7\u00e3o da PRF \u00e9 que as viagens sejam feitas preferencialmente no per\u00edodo do dia, sempre com luz natural. Dirigir a noite ou ent\u00e3o na chuva s\u00e3o fatores que aumentam o risco de acidentes e devem ser evitados\u201d finalizou Facio.<\/p>\n<p>&nbsp;<\/p>\n","protected":false},"excerpt":{"rendered":"<p>Com as f\u00e9rias escolares durante o m\u00eas de julho, muitas fam\u00edlias planejam viagens e com a expectativa para a chegada deste per\u00edodo podem esquecer-se de alguns itens de seguran\u00e7a no tr\u00e2nsito que fazem toda a diferente na hora de enfrentar as rodovias. O Chefe do N\u00facleo de Policiamento e Fiscaliza\u00e7\u00e3o da Pol\u00edcia Rodovi\u00e1ria Federal (PRF) [&hellip;]<\/p>\n","protected":false},"author":96,"featured_media":112169,"comment_status":"closed","ping_status":"closed","sticky":false,"template":"","format":"standard","meta":{"footnotes":""},"categories":[253,440],"tags":[],"class_list":["post-110696","post","type-post","status-publish","format-standard","has-post-thumbnail","hentry","category-cidade","category-destaques-do-dia"],"_links":{"self":[{"href":"https:\/\/diarioregionaldigital.com.br\/index.php?rest_route=\/wp\/v2\/posts\/110696","targetHints":{"allow":["GET"]}}],"collection":[{"href":"https:\/\/diarioregionaldigital.com.br\/index.php?rest_route=\/wp\/v2\/posts"}],"about":[{"href":"https:\/\/diarioregionaldigital.com.br\/index.php?rest_route=\/wp\/v2\/types\/post"}],"author":[{"embeddable":true,"href":"https:\/\/diarioregionaldigital.com.br\/index.php?rest_route=\/wp\/v2\/users\/96"}],"replies":[{"embeddable":true,"href":"https:\/\/diarioregionaldigital.com.br\/index.php?rest_route=%2Fwp%2Fv2%2Fcomments&post=110696"}],"version-history":[{"count":0,"href":"https:\/\/diarioregionaldigital.com.br\/index.php?rest_route=\/wp\/v2\/posts\/110696\/revisions"}],"wp:featuredmedia":[{"embeddable":true,"href":"https:\/\/diarioregionaldigital.com.br\/index.php?rest_route=\/wp\/v2\/media\/112169"}],"wp:attachment":[{"href":"https:\/\/diarioregionaldigital.com.br\/index.php?rest_route=%2Fwp%2Fv2%2Fmedia&parent=110696"}],"wp:term":[{"taxonomy":"category","embeddable":true,"href":"https:\/\/diarioregionaldigital.com.br\/index.php?rest_route=%2Fwp%2Fv2%2Fcategories&post=110696"},{"taxonomy":"post_tag","embeddable":true,"href":"https:\/\/diarioregionaldigital.com.br\/index.php?rest_route=%2Fwp%2Fv2%2Ftags&post=110696"}],"curies":[{"name":"wp","href":"https:\/\/api.w.org\/{rel}","templated":true}]}}