{"id":110695,"date":"2018-07-06T12:35:29","date_gmt":"2018-07-06T15:35:29","guid":{"rendered":"http:\/\/diarioregionaljf.com.br\/?p=110695"},"modified":"2018-07-06T12:35:29","modified_gmt":"2018-07-06T15:35:29","slug":"aloysio-nunes-elogia-ordem-da-corte-para-investigar-caso-herzog","status":"publish","type":"post","link":"https:\/\/diarioregionaldigital.com.br\/?p=110695","title":{"rendered":"Aloysio Nunes elogia ordem da Corte para investigar caso Herzog"},"content":{"rendered":"<p>O ministro das Rela\u00e7\u00f5es Exteriores, Aloysio Nunes Ferreira, elogiou a decis\u00e3o da Corte Interamericana de Direitos Humanos da Organiza\u00e7\u00e3o dos Estados Americanos (OEA) de responsabilizar o Estado pela falta de investiga\u00e7\u00e3o, julgamento e san\u00e7\u00e3o dos respons\u00e1veis pela tortura e assassinato do jornalista Vladimir Herzog, em 1974. Segundo ele, a iniciativa reaviva o compromisso em favor da democracia e dos direitos humanos.<\/p>\n<p>\u201cA decis\u00e3o da Corte de S\u00e3o Jos\u00e9 reaviva a import\u00e2ncia da indigna\u00e7\u00e3o causada pela morte de Herzog para confirmar o compromisso inarred\u00e1vel da sociedade brasileira com a democracia e o respeito aos direitos humanos\u201d, afirma em nota o chanceler.<\/p>\n<p><span style=\"font-family: 'Work Sans'; font-size: 20px; line-height: 1.5; color: #333333;\">Senten\u00e7a<\/span><\/p>\n<p>A senten\u00e7a, anunciada h\u00e1 dois dias, determina ao Brasil reiniciar, com a devida dilig\u00eancia, a investiga\u00e7\u00e3o e o processo penal cab\u00edveis pelos fatos ocorridos em 1975 para identificar, processar e, se necess\u00e1rio, punir os respons\u00e1veis pela tortura e morte de Herzog.<\/p>\n<p>Tamb\u00e9m determinou reconhecer, sem exce\u00e7\u00e3o, que n\u00e3o haver\u00e1 prescri\u00e7\u00e3o, por se tratar de crimes contra a humanidade e internacionais.<\/p>\n<p>A Corte exige ainda que se promova um ato p\u00fablico de reconhecimento de responsabilidade internacional em desagravo \u00e0 mem\u00f3ria de Herzog, que se publique a senten\u00e7a e que sejam pagas as despesas do processo.<\/p>\n<h5>Respeito<\/h5>\n<p>Em comunicado, Aloysio Nunes diz prestar solidariedade com a fam\u00edlia de Herzog. \u201c\u00c9 absolutamente inquestion\u00e1vel o respeito do governo brasileiro \u00e0 justa decis\u00e3o de um tribunal internacional cuja jurisdi\u00e7\u00e3o contenciosa o pa\u00eds valoriza e reconhece h\u00e1 20 anos.\u201d<\/p>\n<p>O chanceler reitera ainda a relev\u00e2ncia da Lei de Anistia para encerrar com um per\u00edodo de arb\u00edtrio. \u201cO fato de que a lei da anistia tenha contribu\u00eddo, em seu momento, para o fim do arb\u00edtrio, causa por que tanto lutou Vladimir Herzog, n\u00e3o atenua em nada o imperativo moral de repudiar com toda a veem\u00eancia a responsabilidade do Estado brasileiro pela deten\u00e7\u00e3o arbitr\u00e1ria, tortura e assassinato de Vlado.\u201d<\/p>\n<p>&nbsp;<\/p>\n<p>Fonte: Ag\u00eancia Brasil<\/p>\n","protected":false},"excerpt":{"rendered":"<p>O ministro das Rela\u00e7\u00f5es Exteriores, Aloysio Nunes Ferreira, elogiou a decis\u00e3o da Corte Interamericana de Direitos Humanos da Organiza\u00e7\u00e3o dos Estados Americanos (OEA) de responsabilizar o Estado pela falta de investiga\u00e7\u00e3o, julgamento e san\u00e7\u00e3o dos respons\u00e1veis pela tortura e assassinato do jornalista Vladimir Herzog, em 1974. Segundo ele, a iniciativa reaviva o compromisso em favor [&hellip;]<\/p>\n","protected":false},"author":96,"featured_media":110697,"comment_status":"closed","ping_status":"closed","sticky":false,"template":"","format":"standard","meta":{"footnotes":""},"categories":[254,439],"tags":[],"class_list":["post-110695","post","type-post","status-publish","format-standard","has-post-thumbnail","hentry","category-politica","category-ultima-hora"],"_links":{"self":[{"href":"https:\/\/diarioregionaldigital.com.br\/index.php?rest_route=\/wp\/v2\/posts\/110695","targetHints":{"allow":["GET"]}}],"collection":[{"href":"https:\/\/diarioregionaldigital.com.br\/index.php?rest_route=\/wp\/v2\/posts"}],"about":[{"href":"https:\/\/diarioregionaldigital.com.br\/index.php?rest_route=\/wp\/v2\/types\/post"}],"author":[{"embeddable":true,"href":"https:\/\/diarioregionaldigital.com.br\/index.php?rest_route=\/wp\/v2\/users\/96"}],"replies":[{"embeddable":true,"href":"https:\/\/diarioregionaldigital.com.br\/index.php?rest_route=%2Fwp%2Fv2%2Fcomments&post=110695"}],"version-history":[{"count":0,"href":"https:\/\/diarioregionaldigital.com.br\/index.php?rest_route=\/wp\/v2\/posts\/110695\/revisions"}],"wp:featuredmedia":[{"embeddable":true,"href":"https:\/\/diarioregionaldigital.com.br\/index.php?rest_route=\/wp\/v2\/media\/110697"}],"wp:attachment":[{"href":"https:\/\/diarioregionaldigital.com.br\/index.php?rest_route=%2Fwp%2Fv2%2Fmedia&parent=110695"}],"wp:term":[{"taxonomy":"category","embeddable":true,"href":"https:\/\/diarioregionaldigital.com.br\/index.php?rest_route=%2Fwp%2Fv2%2Fcategories&post=110695"},{"taxonomy":"post_tag","embeddable":true,"href":"https:\/\/diarioregionaldigital.com.br\/index.php?rest_route=%2Fwp%2Fv2%2Ftags&post=110695"}],"curies":[{"name":"wp","href":"https:\/\/api.w.org\/{rel}","templated":true}]}}