{"id":110687,"date":"2018-07-06T12:23:20","date_gmt":"2018-07-06T15:23:20","guid":{"rendered":"http:\/\/diarioregionaljf.com.br\/?p=110687"},"modified":"2018-07-06T12:32:00","modified_gmt":"2018-07-06T15:32:00","slug":"homem-e-detido-em-muriae-apos-fugir-ao-ser-flagrado-na-barra-com-carro-furtado-no-estado-do-rj","status":"publish","type":"post","link":"https:\/\/diarioregionaldigital.com.br\/?p=110687","title":{"rendered":"Homem \u00e9 detido em Muria\u00e9 ap\u00f3s fugir ao ser flagrado na Barra com carro furtado no estado do RJ"},"content":{"rendered":"<p>Um homem que segundo a Pol\u00edcia Militar (PM), \u00e9 morador do conjunto habitacional Dornelas 2, foi detido na manh\u00e3 dessa sexta-feira, 6, no bairro Panorama, em Muria\u00e9, ap\u00f3s fugir a p\u00e9 ao ser flagrado por militares conduzindo um carro furtado no estado do Rio de Janeiro, a princ\u00edpio, na cidade de Campos dos Goitacazes.<\/p>\n<p>Em entrevista, os militares disseram que, ap\u00f3s informa\u00e7\u00f5es repassadas pela Sala de Opera\u00e7\u00f5es do Batalh\u00e3o de Muria\u00e9, de que um suspeito por furto estaria seguindo de Miradouro para Muria\u00e9 em um autom\u00f3vel possivelmente produto de furto ou roubo, a equipe localizou o ve\u00edculo na rua Euc\u00e1rio Godinho, na Barra.<\/p>\n<p>A PM ainda informou \u00a0que o condutor abandonou o carro ligado no meio da rua e fugiu correndo para o bairro Panorama &#8211; regi\u00e3o conhecida como \u201cFardela\u201d -, mas acabou capturado durante cerco com atua\u00e7\u00e3o de outra equipes da PM, ap\u00f3s passar por locais de dif\u00edcil acesso, incluindo trechos de matagal.<\/p>\n<p>O rapaz foi levado detido para a delegacia do bairro Safira, e os militares tentam contato com a PM do Rio de Janeiro em busca de detalhes sobre o furto ou roubo do autom\u00f3vel.<\/p>\n<p>&nbsp;<\/p>\n<p>Fonte: R\u00e1dio Muria\u00e9<\/p>\n","protected":false},"excerpt":{"rendered":"<p>Um homem que segundo a Pol\u00edcia Militar (PM), \u00e9 morador do conjunto habitacional Dornelas 2, foi detido na manh\u00e3 dessa sexta-feira, 6, no bairro Panorama, em Muria\u00e9, ap\u00f3s fugir a p\u00e9 ao ser flagrado por militares conduzindo um carro furtado no estado do Rio de Janeiro, a princ\u00edpio, na cidade de Campos dos Goitacazes. Em [&hellip;]<\/p>\n","protected":false},"author":96,"featured_media":110688,"comment_status":"closed","ping_status":"closed","sticky":false,"template":"","format":"standard","meta":{"footnotes":""},"categories":[252,439],"tags":[],"class_list":["post-110687","post","type-post","status-publish","format-standard","has-post-thumbnail","hentry","category-regiao","category-ultima-hora"],"_links":{"self":[{"href":"https:\/\/diarioregionaldigital.com.br\/index.php?rest_route=\/wp\/v2\/posts\/110687","targetHints":{"allow":["GET"]}}],"collection":[{"href":"https:\/\/diarioregionaldigital.com.br\/index.php?rest_route=\/wp\/v2\/posts"}],"about":[{"href":"https:\/\/diarioregionaldigital.com.br\/index.php?rest_route=\/wp\/v2\/types\/post"}],"author":[{"embeddable":true,"href":"https:\/\/diarioregionaldigital.com.br\/index.php?rest_route=\/wp\/v2\/users\/96"}],"replies":[{"embeddable":true,"href":"https:\/\/diarioregionaldigital.com.br\/index.php?rest_route=%2Fwp%2Fv2%2Fcomments&post=110687"}],"version-history":[{"count":0,"href":"https:\/\/diarioregionaldigital.com.br\/index.php?rest_route=\/wp\/v2\/posts\/110687\/revisions"}],"wp:featuredmedia":[{"embeddable":true,"href":"https:\/\/diarioregionaldigital.com.br\/index.php?rest_route=\/wp\/v2\/media\/110688"}],"wp:attachment":[{"href":"https:\/\/diarioregionaldigital.com.br\/index.php?rest_route=%2Fwp%2Fv2%2Fmedia&parent=110687"}],"wp:term":[{"taxonomy":"category","embeddable":true,"href":"https:\/\/diarioregionaldigital.com.br\/index.php?rest_route=%2Fwp%2Fv2%2Fcategories&post=110687"},{"taxonomy":"post_tag","embeddable":true,"href":"https:\/\/diarioregionaldigital.com.br\/index.php?rest_route=%2Fwp%2Fv2%2Ftags&post=110687"}],"curies":[{"name":"wp","href":"https:\/\/api.w.org\/{rel}","templated":true}]}}