{"id":110685,"date":"2018-07-06T12:14:34","date_gmt":"2018-07-06T15:14:34","guid":{"rendered":"http:\/\/diarioregionaljf.com.br\/?p=110685"},"modified":"2018-07-06T12:14:34","modified_gmt":"2018-07-06T15:14:34","slug":"curso-de-capacitacao-de-agentes-de-transporte-e-transito-termina-neste-sabado","status":"publish","type":"post","link":"https:\/\/diarioregionaldigital.com.br\/?p=110685","title":{"rendered":"Curso de capacita\u00e7\u00e3o de agentes de transporte e tr\u00e2nsito termina neste s\u00e1bado"},"content":{"rendered":"<p>Ser\u00e1 encerrado neste s\u00e1bado, 7, na Escola de Governo Municipal, o \u201cCurso de Capacita\u00e7\u00e3o dos Agentes de Transporte e Tr\u00e2nsito&#8221; (ATT), com entrega simb\u00f3lica dos certificados aos participantes, al\u00e9m de palestra com o tema &#8220;Como Enfrentar e Resolver os Problemas no Tr\u00e2nsito &#8211; Estar Presente \u00e9 o Primeiro Passo\u201d, ministrada pelo instrutor do Departamento de Pol\u00edcia Rodovi\u00e1ria Federal, Junie Penna.<\/p>\n<p>O objetivo do curso foi promover o desenvolvimento pessoal e social e a atualiza\u00e7\u00e3o t\u00e9cnica dos agentes, que tiveram oportunidade de rever as legisla\u00e7\u00f5es de transporte, tr\u00e2nsito e fiscaliza\u00e7\u00e3o, al\u00e9m de ampliar as no\u00e7\u00f5es de engenharia de tr\u00e1fego, opera\u00e7\u00f5es, educa\u00e7\u00e3o e meio ambiente. Tamb\u00e9m foram abordados temas relacionados ao comportamento profissional, com \u00eanfase na manuten\u00e7\u00e3o da postura \u00e9tica e proativa dos agentes. Os conte\u00fados foram elaborados pelo Departamento de Fiscaliza\u00e7\u00e3o da Secretaria de Transporte e Tr\u00e2nsito (Settra), da Prefeitura de Juiz de Fora (PJF), em conjunto com o Departamento de Desenvolvimento do Servidor da Subsecretaria de Desenvolvimento Institucional (SSDI), da Secretaria de Administra\u00e7\u00e3o e Recursos Humanos (SARH).<\/p>\n<p>&nbsp;<\/p>\n<p>Fonte:Assessoria da PJF<\/p>\n","protected":false},"excerpt":{"rendered":"<p>Ser\u00e1 encerrado neste s\u00e1bado, 7, na Escola de Governo Municipal, o \u201cCurso de Capacita\u00e7\u00e3o dos Agentes de Transporte e Tr\u00e2nsito&#8221; (ATT), com entrega simb\u00f3lica dos certificados aos participantes, al\u00e9m de palestra com o tema &#8220;Como Enfrentar e Resolver os Problemas no Tr\u00e2nsito &#8211; Estar Presente \u00e9 o Primeiro Passo\u201d, ministrada pelo instrutor do Departamento de [&hellip;]<\/p>\n","protected":false},"author":96,"featured_media":98091,"comment_status":"closed","ping_status":"closed","sticky":false,"template":"","format":"standard","meta":{"footnotes":""},"categories":[253,439],"tags":[],"class_list":["post-110685","post","type-post","status-publish","format-standard","has-post-thumbnail","hentry","category-cidade","category-ultima-hora"],"_links":{"self":[{"href":"https:\/\/diarioregionaldigital.com.br\/index.php?rest_route=\/wp\/v2\/posts\/110685","targetHints":{"allow":["GET"]}}],"collection":[{"href":"https:\/\/diarioregionaldigital.com.br\/index.php?rest_route=\/wp\/v2\/posts"}],"about":[{"href":"https:\/\/diarioregionaldigital.com.br\/index.php?rest_route=\/wp\/v2\/types\/post"}],"author":[{"embeddable":true,"href":"https:\/\/diarioregionaldigital.com.br\/index.php?rest_route=\/wp\/v2\/users\/96"}],"replies":[{"embeddable":true,"href":"https:\/\/diarioregionaldigital.com.br\/index.php?rest_route=%2Fwp%2Fv2%2Fcomments&post=110685"}],"version-history":[{"count":0,"href":"https:\/\/diarioregionaldigital.com.br\/index.php?rest_route=\/wp\/v2\/posts\/110685\/revisions"}],"wp:featuredmedia":[{"embeddable":true,"href":"https:\/\/diarioregionaldigital.com.br\/index.php?rest_route=\/wp\/v2\/media\/98091"}],"wp:attachment":[{"href":"https:\/\/diarioregionaldigital.com.br\/index.php?rest_route=%2Fwp%2Fv2%2Fmedia&parent=110685"}],"wp:term":[{"taxonomy":"category","embeddable":true,"href":"https:\/\/diarioregionaldigital.com.br\/index.php?rest_route=%2Fwp%2Fv2%2Fcategories&post=110685"},{"taxonomy":"post_tag","embeddable":true,"href":"https:\/\/diarioregionaldigital.com.br\/index.php?rest_route=%2Fwp%2Fv2%2Ftags&post=110685"}],"curies":[{"name":"wp","href":"https:\/\/api.w.org\/{rel}","templated":true}]}}