{"id":110682,"date":"2018-07-06T12:10:36","date_gmt":"2018-07-06T15:10:36","guid":{"rendered":"http:\/\/diarioregionaljf.com.br\/?p=110682"},"modified":"2018-07-06T12:10:36","modified_gmt":"2018-07-06T15:10:36","slug":"ans-resolve-91-dos-conflitos-de-coberturas-de-planos-de-saude","status":"publish","type":"post","link":"https:\/\/diarioregionaldigital.com.br\/?p=110682","title":{"rendered":"ANS resolve 91% dos conflitos de coberturas de planos de sa\u00fade"},"content":{"rendered":"<p>No primeiro trimestre de 2018, a Ag\u00eancia Nacional de Sa\u00fade Suplementar (ANS) registrou 16.998 reclama\u00e7\u00f5es de usu\u00e1rios de planos de sa\u00fade e respondeu a 63.458 pedidos de informa\u00e7\u00f5es. Os dados foram divulgados nessa quinta-feira, 5, pela ag\u00eancia.<\/p>\n<p>Segundo a ANS, tamb\u00e9m foram resolvidos 91% dos conflitos relativos \u00e0 cobertura assistencial e 87,8% sobre outros temas. Em 2017, cerca de 90% dos conflitos registrados pela Ag\u00eancia foram resolvidos sem a necessidade de abertura de processo administrativo.<\/p>\n<p>Os temas que tiveram mais reclama\u00e7\u00f5es foram autoriza\u00e7\u00e3o para realiza\u00e7\u00e3o de procedimentos, franquia e coparticipa\u00e7\u00e3o, suspens\u00e3o e rescis\u00e3o de contratos e cobertura assistencial. As maiores demandas de pedidos de informa\u00e7\u00e3o foram sobre cobertura assistencial, prazos m\u00e1ximos para atendimento e suspens\u00e3o e rescis\u00e3o de contratos.<\/p>\n<p>No mesmo per\u00edodo, a diretoria de Fiscaliza\u00e7\u00e3o da ANS lavrou 2.731 autos e proferiu 2.405 decis\u00f5es, com um valor total de R$ 144.211.144,36 em multas determinadas \u00e0s operadoras de planos de sa\u00fade. A ag\u00eancia celebrou, ainda, dois novos acordos de coopera\u00e7\u00e3o t\u00e9cnica, com os minist\u00e9rios p\u00fablicos do estado de Mato Grosso do Sul e do Rio Grande do Sul.<\/p>\n<p>&nbsp;<\/p>\n<p>Fonte: Ag\u00eancia Brasil<\/p>\n","protected":false},"excerpt":{"rendered":"<p>No primeiro trimestre de 2018, a Ag\u00eancia Nacional de Sa\u00fade Suplementar (ANS) registrou 16.998 reclama\u00e7\u00f5es de usu\u00e1rios de planos de sa\u00fade e respondeu a 63.458 pedidos de informa\u00e7\u00f5es. Os dados foram divulgados nessa quinta-feira, 5, pela ag\u00eancia. Segundo a ANS, tamb\u00e9m foram resolvidos 91% dos conflitos relativos \u00e0 cobertura assistencial e 87,8% sobre outros temas. [&hellip;]<\/p>\n","protected":false},"author":96,"featured_media":110683,"comment_status":"closed","ping_status":"closed","sticky":false,"template":"","format":"standard","meta":{"footnotes":""},"categories":[302,439],"tags":[],"class_list":["post-110682","post","type-post","status-publish","format-standard","has-post-thumbnail","hentry","category-brasil-mundo","category-ultima-hora"],"_links":{"self":[{"href":"https:\/\/diarioregionaldigital.com.br\/index.php?rest_route=\/wp\/v2\/posts\/110682","targetHints":{"allow":["GET"]}}],"collection":[{"href":"https:\/\/diarioregionaldigital.com.br\/index.php?rest_route=\/wp\/v2\/posts"}],"about":[{"href":"https:\/\/diarioregionaldigital.com.br\/index.php?rest_route=\/wp\/v2\/types\/post"}],"author":[{"embeddable":true,"href":"https:\/\/diarioregionaldigital.com.br\/index.php?rest_route=\/wp\/v2\/users\/96"}],"replies":[{"embeddable":true,"href":"https:\/\/diarioregionaldigital.com.br\/index.php?rest_route=%2Fwp%2Fv2%2Fcomments&post=110682"}],"version-history":[{"count":0,"href":"https:\/\/diarioregionaldigital.com.br\/index.php?rest_route=\/wp\/v2\/posts\/110682\/revisions"}],"wp:featuredmedia":[{"embeddable":true,"href":"https:\/\/diarioregionaldigital.com.br\/index.php?rest_route=\/wp\/v2\/media\/110683"}],"wp:attachment":[{"href":"https:\/\/diarioregionaldigital.com.br\/index.php?rest_route=%2Fwp%2Fv2%2Fmedia&parent=110682"}],"wp:term":[{"taxonomy":"category","embeddable":true,"href":"https:\/\/diarioregionaldigital.com.br\/index.php?rest_route=%2Fwp%2Fv2%2Fcategories&post=110682"},{"taxonomy":"post_tag","embeddable":true,"href":"https:\/\/diarioregionaldigital.com.br\/index.php?rest_route=%2Fwp%2Fv2%2Ftags&post=110682"}],"curies":[{"name":"wp","href":"https:\/\/api.w.org\/{rel}","templated":true}]}}