{"id":110673,"date":"2018-07-06T11:39:31","date_gmt":"2018-07-06T14:39:31","guid":{"rendered":"http:\/\/diarioregionaljf.com.br\/?p=110673"},"modified":"2018-07-06T11:39:31","modified_gmt":"2018-07-06T14:39:31","slug":"reus-acusados-por-tentativas-de-homicidio-em-2007-sao-absolvidos-em-juri-popular-em-muriae","status":"publish","type":"post","link":"https:\/\/diarioregionaldigital.com.br\/?p=110673","title":{"rendered":"R\u00e9us acusados por tentativas de homic\u00eddio em 2007 s\u00e3o absolvidos em j\u00fari popular em Muria\u00e9"},"content":{"rendered":"<p>Dois homens, de 32 e 39 anos, acusados por tentativas de homic\u00eddio a tiros contra a mesma pessoa, supostamente ocorridas entre maio e setembro de 2007, no bairro Cer\u00e2mica, foram absolvidos em j\u00fari popular, realizado nessa quinta-feira, 5, no F\u00f3rum Tabeli\u00e3o Pacheco de Medeiros, no Centro de Muria\u00e9. O r\u00e9u de 39 anos &#8211; que est\u00e1 preso em fun\u00e7\u00e3o de outro processo criminal &#8211; era apontado como mandante dos dois atentados e o outro respondia por um dos crimes, como suposto autor.<\/p>\n<p>Com j\u00fari foi formado por cinco homens e duas mulheres, a sess\u00e3o foi presidida pelo juiz Adriano Nakashima. A acusa\u00e7\u00e3o foi desempenhada pelo Minist\u00e9rio P\u00fablico (MP), representado pela promotora Jackeliny Rangel, e a defesa dos acusados foi encabe\u00e7ada pelo criminalista, Karlo Ernandez.<\/p>\n<p>De acordo com o MP, o homem de 39 anos foi acusado de ser o mandante de ambos os crimes. Segundo a acusa\u00e7\u00e3o, o r\u00e9u teria encomendado a morte da v\u00edtima para silenci\u00e1-la, uma vez que a mesma seria testemunha de um assassinato supostamente cometido por ele.<\/p>\n<p>J\u00e1 o rapaz de 32 anos foi denunciado pela autoria do primeiro atentado a tiros contra a v\u00edtima, cometido na rua Nicolau Taranto e, na ocasi\u00e3o teria agido juntamente com dois adolescentes apontados como autores tamb\u00e9m da segunda tentativa de homic\u00eddio, ocorrida na rua Dejair Dias de Carvalho.<\/p>\n<p>Em ambas as datas, apesar dos v\u00e1rios tiros disparados, a v\u00edtima n\u00e3o foi atingida e conseguiu fugir correndo.<\/p>\n<p>Conforme a senten\u00e7a, por mais de tr\u00eas votos, os jurados responderam negativamente ao quesito sobre a materialidade dos crimes, resultando na absolvi\u00e7\u00e3o dos r\u00e9us.<\/p>\n<p>&nbsp;<\/p>\n<p>Fonte: R\u00e1dio Muria\u00e9<\/p>\n","protected":false},"excerpt":{"rendered":"<p>Dois homens, de 32 e 39 anos, acusados por tentativas de homic\u00eddio a tiros contra a mesma pessoa, supostamente ocorridas entre maio e setembro de 2007, no bairro Cer\u00e2mica, foram absolvidos em j\u00fari popular, realizado nessa quinta-feira, 5, no F\u00f3rum Tabeli\u00e3o Pacheco de Medeiros, no Centro de Muria\u00e9. O r\u00e9u de 39 anos &#8211; que [&hellip;]<\/p>\n","protected":false},"author":96,"featured_media":110675,"comment_status":"closed","ping_status":"closed","sticky":false,"template":"","format":"standard","meta":{"footnotes":""},"categories":[252,439],"tags":[],"class_list":["post-110673","post","type-post","status-publish","format-standard","has-post-thumbnail","hentry","category-regiao","category-ultima-hora"],"_links":{"self":[{"href":"https:\/\/diarioregionaldigital.com.br\/index.php?rest_route=\/wp\/v2\/posts\/110673","targetHints":{"allow":["GET"]}}],"collection":[{"href":"https:\/\/diarioregionaldigital.com.br\/index.php?rest_route=\/wp\/v2\/posts"}],"about":[{"href":"https:\/\/diarioregionaldigital.com.br\/index.php?rest_route=\/wp\/v2\/types\/post"}],"author":[{"embeddable":true,"href":"https:\/\/diarioregionaldigital.com.br\/index.php?rest_route=\/wp\/v2\/users\/96"}],"replies":[{"embeddable":true,"href":"https:\/\/diarioregionaldigital.com.br\/index.php?rest_route=%2Fwp%2Fv2%2Fcomments&post=110673"}],"version-history":[{"count":0,"href":"https:\/\/diarioregionaldigital.com.br\/index.php?rest_route=\/wp\/v2\/posts\/110673\/revisions"}],"wp:featuredmedia":[{"embeddable":true,"href":"https:\/\/diarioregionaldigital.com.br\/index.php?rest_route=\/wp\/v2\/media\/110675"}],"wp:attachment":[{"href":"https:\/\/diarioregionaldigital.com.br\/index.php?rest_route=%2Fwp%2Fv2%2Fmedia&parent=110673"}],"wp:term":[{"taxonomy":"category","embeddable":true,"href":"https:\/\/diarioregionaldigital.com.br\/index.php?rest_route=%2Fwp%2Fv2%2Fcategories&post=110673"},{"taxonomy":"post_tag","embeddable":true,"href":"https:\/\/diarioregionaldigital.com.br\/index.php?rest_route=%2Fwp%2Fv2%2Ftags&post=110673"}],"curies":[{"name":"wp","href":"https:\/\/api.w.org\/{rel}","templated":true}]}}