{"id":110671,"date":"2018-07-06T11:30:50","date_gmt":"2018-07-06T14:30:50","guid":{"rendered":"http:\/\/diarioregionaljf.com.br\/?p=110671"},"modified":"2018-07-06T11:30:50","modified_gmt":"2018-07-06T14:30:50","slug":"guarda-municipal-atua-no-estadio-municipal-neste-sabado","status":"publish","type":"post","link":"https:\/\/diarioregionaldigital.com.br\/?p=110671","title":{"rendered":"Guarda Municipal atua no Est\u00e1dio Municipal neste s\u00e1bado"},"content":{"rendered":"<p>Neste s\u00e1bado, 7, a Guarda Municipal (GM) estar\u00e1 presente na partida de futebol entre Tupi e Cuiab\u00e1 (MT), no Est\u00e1dio Municipal \u201cRadialista M\u00e1rio Hel\u00eanio\u201d, \u00e0s 16 horas. A partir das 13 horas, os agentes, que trabalhar\u00e3o em sistema de plant\u00e3o, ser\u00e3o acionados em apoio aos \u00f3rg\u00e3os municipais envolvidos na realiza\u00e7\u00e3o do evento e nos esquemas de fiscaliza\u00e7\u00e3o e seguran\u00e7a. O trabalho da GM s\u00f3 se encerrar\u00e1 ap\u00f3s a sa\u00edda dos torcedores e servidores da Secretaria de Esporte e Lazer (SEL) do est\u00e1dio.<\/p>\n<p>A Guarda manter\u00e1 tamb\u00e9m apoio \u00e0 Secretaria de Atividades Urbanas (SAU), na fiscaliza\u00e7\u00e3o do com\u00e9rcio ambulante, dentro e fora do est\u00e1dio, garantindo a integridade f\u00edsica dos fiscais de posturas no exerc\u00edcio de suas fun\u00e7\u00f5es. O trabalho da GM inclui a seguran\u00e7a do acesso \u00e0s cabines de imprensa e hall de entrada. A participa\u00e7\u00e3o da equipe de seguran\u00e7a nos jogos realizados no Est\u00e1dio Municipal \u00e9 de rotina e cumpre a prote\u00e7\u00e3o ao patrim\u00f4nio e colabora\u00e7\u00e3o com a seguran\u00e7a p\u00fablica, prevista na lei de cria\u00e7\u00e3o da institui\u00e7\u00e3o. Desde 2016 um supervisor da GM \u00e9 destinado como respons\u00e1vel pela ger\u00eancia de seguran\u00e7a no est\u00e1dio, estando em todas as reuni\u00f5es de defini\u00e7\u00e3o de eventos esportivos realizados ali.<\/p>\n<p>&nbsp;<\/p>\n<p>Fonte: Assessoria PJF<\/p>\n","protected":false},"excerpt":{"rendered":"<p>Neste s\u00e1bado, 7, a Guarda Municipal (GM) estar\u00e1 presente na partida de futebol entre Tupi e Cuiab\u00e1 (MT), no Est\u00e1dio Municipal \u201cRadialista M\u00e1rio Hel\u00eanio\u201d, \u00e0s 16 horas. A partir das 13 horas, os agentes, que trabalhar\u00e3o em sistema de plant\u00e3o, ser\u00e3o acionados em apoio aos \u00f3rg\u00e3os municipais envolvidos na realiza\u00e7\u00e3o do evento e nos esquemas [&hellip;]<\/p>\n","protected":false},"author":96,"featured_media":105098,"comment_status":"closed","ping_status":"closed","sticky":false,"template":"","format":"standard","meta":{"footnotes":""},"categories":[253,439],"tags":[],"class_list":["post-110671","post","type-post","status-publish","format-standard","has-post-thumbnail","hentry","category-cidade","category-ultima-hora"],"_links":{"self":[{"href":"https:\/\/diarioregionaldigital.com.br\/index.php?rest_route=\/wp\/v2\/posts\/110671","targetHints":{"allow":["GET"]}}],"collection":[{"href":"https:\/\/diarioregionaldigital.com.br\/index.php?rest_route=\/wp\/v2\/posts"}],"about":[{"href":"https:\/\/diarioregionaldigital.com.br\/index.php?rest_route=\/wp\/v2\/types\/post"}],"author":[{"embeddable":true,"href":"https:\/\/diarioregionaldigital.com.br\/index.php?rest_route=\/wp\/v2\/users\/96"}],"replies":[{"embeddable":true,"href":"https:\/\/diarioregionaldigital.com.br\/index.php?rest_route=%2Fwp%2Fv2%2Fcomments&post=110671"}],"version-history":[{"count":0,"href":"https:\/\/diarioregionaldigital.com.br\/index.php?rest_route=\/wp\/v2\/posts\/110671\/revisions"}],"wp:featuredmedia":[{"embeddable":true,"href":"https:\/\/diarioregionaldigital.com.br\/index.php?rest_route=\/wp\/v2\/media\/105098"}],"wp:attachment":[{"href":"https:\/\/diarioregionaldigital.com.br\/index.php?rest_route=%2Fwp%2Fv2%2Fmedia&parent=110671"}],"wp:term":[{"taxonomy":"category","embeddable":true,"href":"https:\/\/diarioregionaldigital.com.br\/index.php?rest_route=%2Fwp%2Fv2%2Fcategories&post=110671"},{"taxonomy":"post_tag","embeddable":true,"href":"https:\/\/diarioregionaldigital.com.br\/index.php?rest_route=%2Fwp%2Fv2%2Ftags&post=110671"}],"curies":[{"name":"wp","href":"https:\/\/api.w.org\/{rel}","templated":true}]}}