{"id":110667,"date":"2018-07-06T11:25:34","date_gmt":"2018-07-06T14:25:34","guid":{"rendered":"http:\/\/diarioregionaljf.com.br\/?p=110667"},"modified":"2018-07-06T11:25:34","modified_gmt":"2018-07-06T14:25:34","slug":"governo-de-minas-anuncia-medidas-para-fortalecer-a-seguranca-publica","status":"publish","type":"post","link":"https:\/\/diarioregionaldigital.com.br\/?p=110667","title":{"rendered":"Governo de Minas anuncia medidas para fortalecer a seguran\u00e7a p\u00fablica"},"content":{"rendered":"<div class=\"clear \">\n<p>O governador Fernando Pimentel anunciou nesta sexta-feira, 6, na Cidade Administrativa, em Belo Horizonte, tr\u00eas novas a\u00e7\u00f5es na \u00e1rea de seguran\u00e7a p\u00fablica dentro das pol\u00edticas da atual gest\u00e3o voltadas para garantir melhores servi\u00e7os para os mineiros. Em coletiva \u00e0 imprensa, o governador apresentou as instala\u00e7\u00f5es do Centro de Intelig\u00eancia e Opera\u00e7\u00f5es Estrat\u00e9gicas (CIOE) do Governo do Estado de Minas Gerais, que ir\u00e1 integrar em um s\u00f3 local a\u00e7\u00f5es da Pol\u00edcia Militar, da Pol\u00edcia Civil e do Corpo de Bombeiros, al\u00e9m de tr\u00eas outras institui\u00e7\u00f5es na regi\u00e3o metropolitana da capital.<\/p>\n<p>Outra novidade destacada por Fernando Pimentel \u00e9 a cria\u00e7\u00e3o de uma Central de Bloqueio de Celular (CBLOC), servi\u00e7o destinado \u00e0 redu\u00e7\u00e3o do n\u00famero de roubos e recepta\u00e7\u00e3o de celulares no estado.<\/p>\n<p>O governador ainda divulgou o in\u00edcio da segunda etapa das bases m\u00f3veis da Pol\u00edcia Militar, que agora ser\u00e3o implantadas nos munic\u00edpios de Contagem, Betim, Ribeir\u00e3o das Neves, Ibirit\u00e9 e Vespasiano, na Regi\u00e3o Metropolitana de Belo Horizonte, e nas cidades de Uberl\u00e2ndia (Tri\u00e2ngulo Norte), Uberaba (Tri\u00e2ngulo Sul), Montes Claros (Norte) e Juiz de Fora (Mata).<\/p>\n<p>\u201cEste Centro de Intelig\u00eancia far\u00e1 todo o monitoramento de opera\u00e7\u00f5es estrat\u00e9gicas da \u00e1rea de seguran\u00e7a. N\u00e3o s\u00f3 a Pol\u00edcia Militar, mas tamb\u00e9m a Civil, Prisional, est\u00e1 tudo aqui. Ent\u00e3o isso facilita demais o acompanhamento das a\u00e7\u00f5es de seguran\u00e7a, especialmente em um caso de crise, ocorr\u00eancia, uma coisa mais aguda. Foi um investimento grande, \u00e9 um passo important\u00edssimo para melhorar ainda mais a seguran\u00e7a, especialmente aqui na capital\u201d, afirmou o governador.<\/p>\n<p>Fernando Pimentel destacou ainda que o novo sistema para rastrear celulares roubados dever\u00e1 reduzir a ocorr\u00eancia deste crime. \u201cOutra medida que \u00e9 muito importante para a popula\u00e7\u00e3o \u00e9 a Central de Bloqueio de Celulares, que j\u00e1 funcionando. A popula\u00e7\u00e3o pode, a qualquer momento, utiliz\u00e1-la. O roubo de celular pode n\u00e3o ser um crime de grande gravidade e impacto, mas incomoda, apesar de o n\u00famero de celulares roubados em Belo Horizonte e no estado ter diminu\u00eddo nesses \u00faltimos meses\u201d, explicou.<\/p>\n<p>Sobre a amplia\u00e7\u00e3o das bases m\u00f3veis, o governador salientou que a iniciativa j\u00e1 apresenta resultados, com queda vis\u00edvel nos \u00edndices de criminalidade. \u201cJ\u00e1 temos 86 bases operando em Belo Horizonte. S\u00e3o mais 120 bases j\u00e1 adquiridas, elas est\u00e3o sendo adaptadas agora e rapidamente at\u00e9 setembro a gente pretende coloc\u00e1-las na regi\u00e3o metropolitana e em algumas cidades-polo do interior.\u00a0\u00c9 um passo extremamente importante, um modelo diferente de seguran\u00e7a. Estamos fazendo seguran\u00e7a voltada para a comunidade, com apoio da comunidade\u201d, completou o governador, lembrando que esse conjunto de a\u00e7\u00f5es demonstra como a seguran\u00e7a p\u00fablica \u00e9 uma prioridade da sua gest\u00e3o.<\/p>\n<p>Tamb\u00e9m acompanharam o governador durante a visita ao Centro de Intelig\u00eancia e Opera\u00e7\u00f5es Estrat\u00e9gicas o secret\u00e1rio de Estado de Seguran\u00e7a P\u00fablica, S\u00e9rgio Menezes, o comandante geral da Pol\u00edcia Militar, coronel Helbert Figueir\u00f3 de Lourdes, o chefe da Pol\u00edcia Civil, Jo\u00e3o Octac\u00edlio Neto, al\u00e9m de integrantes dos \u00f3rg\u00e3os envolvidos nas a\u00e7\u00f5es.<\/p>\n<p><strong>Centro de Intelig\u00eancia<\/strong><\/p>\n<p>O Centro de Intelig\u00eancia e Opera\u00e7\u00f5es Estrat\u00e9gicas reunir\u00e1 as coordena\u00e7\u00f5es integradas de atendimento ao cidad\u00e3o &#8211; por meio dos n\u00fameros 190, 193 e 197 de opera\u00e7\u00f5es, setores de planejamentos de seguran\u00e7a e de intelig\u00eancia de todo o sistema, despacho de viaturas, entre outras a\u00e7\u00f5es da rotina.<\/p>\n<p>S\u00e3o tr\u00eas andares com mais de mil profissionais em atua\u00e7\u00e3o. A operacionaliza\u00e7\u00e3o do complexo come\u00e7ar\u00e1 aos poucos para evitar qualquer tipo de impacto ao cidad\u00e3o. A partir desta sexta, 6, passa a operar tecnicamente 24 horas por dia, 7 dias por semana, a Sala de Coordena\u00e7\u00e3o do CIOE, de onde 12 institui\u00e7\u00f5es poder\u00e3o tomar decis\u00f5es r\u00e1pidas e inteligentes.<\/p>\n<p>Com uma \u00e1rea de 250 m\u00b2, a sala de coordena\u00e7\u00e3o do Centro Integrado de Seguran\u00e7a P\u00fablica tem 80 monitores, 24 pain\u00e9is e 2 televisores. As telas v\u00e3o mostrar, em tempo real, mais de 1.100 pontos monitorados por c\u00e2meras espalhadas por Belo Horizonte, regi\u00e3o metropolitana e rodovias MG-010, BR-040 e Anel Rodovi\u00e1rio.<\/p>\n<p><strong>Recupera\u00e7\u00e3o de celular roubado<\/strong><\/p>\n<p>Aparelhos de celulares roubados ou furtados agora poder\u00e3o ser bloqueados pelos usu\u00e1rios apenas com o n\u00famero da linha em Minas Gerais. O Governo do Estado criou um servi\u00e7o que mescla tecnologia e gest\u00e3o de pessoas para garantir a desburocratiza\u00e7\u00e3o desse processo para o cidad\u00e3o e, ao mesmo tempo, inibir o roubo de celulares a partir da perda de valor de mercado de um dos principais objetos hoje utilizados como moeda no mundo do crime.<\/p>\n<p>A Central de Bloqueio de Celulares do Estado de Minas Gerais (CBLOC) vai operar um sistema online, hospedado na p\u00e1gina da Secretaria de Seguran\u00e7a P\u00fablica (Sesp), no qual o cidad\u00e3o vai solicitar o bloqueio do seu aparelho celular em menos de tr\u00eas cliques, fornecendo apenas o n\u00famero do celular e dados pessoais. Recebendo essa solicita\u00e7\u00e3o, do outro lado da \u201cconex\u00e3o\u201d estar\u00e3o profissionais da secretaria que v\u00e3o providenciar a inutiliza\u00e7\u00e3o do aparelho junto \u00e0 Ag\u00eancia Nacional de Telecomunica\u00e7\u00f5es (Anatel) em at\u00e9 24 horas.<\/p>\n<p>Atualmente, quando o cidad\u00e3o quer bloquear seu aparelho, precisa ter em m\u00e3os o n\u00famero do IMEI do telefone, que \u00e9 a Identifica\u00e7\u00e3o Internacional de Equipamento M\u00f3vel \u2013 o que dificilmente se tem depois que o aparelho \u00e9 subtra\u00eddo ou que a caixa do celular j\u00e1 foi para o lixo. De posse desse dado, ele precisa fazer um contato direto com a Anatel ou operadora, via telefone, e solicitar o impedimento. Com o novo servi\u00e7o do Governo de Minas Gerais, v\u00edtimas de furto ou roubo conseguir\u00e3o garantir o bloqueio do seu aparelho de forma mais \u00e1gil, online, e utilizando apenas o n\u00famero da linha.<\/p>\n<p>Vale ressaltar, ainda, que apenas o aparelho celular \u00e9 bloqueado por meio da CBLOC. Ele n\u00e3o perder\u00e1 o n\u00famero da linha ou qualquer benef\u00edcio junto \u00e0 operadora, se assim desejar. O bloqueio da linha, inclusive, por n\u00e3o se tratar de procedimento de seguran\u00e7a p\u00fablica, deve seguir o tr\u00e2mite normal hoje utilizado pelo dono do celular que foi roubado ou furtado: deve-se fazer contato junto a cada operadora.<\/p>\n<p>No caso de recupera\u00e7\u00e3o, por autoridades policiais, dos aparelhos roubados ou furtados, ser\u00e1 realizado contato com o propriet\u00e1rio. Ele, ent\u00e3o, dever\u00e1 se dirigir \u00e0 unidade policial solicitada para retirada do aparelho, mediante preenchimento do Termo de Restitui\u00e7\u00e3o. A autoridade ser\u00e1 a respons\u00e1vel, por meio de sistema pr\u00f3prio, pela realiza\u00e7\u00e3o do pedido de desbloqueio do aparelho via Ag\u00eancia Nacional de Telecomunica\u00e7\u00f5es (Anatel).<\/p>\n<p><strong>Nova fase das bases m\u00f3veis<\/strong><\/p>\n<p>O Projeto das Bases de Seguran\u00e7a Comunit\u00e1ria da PMMG est\u00e1 vinculado ao Programa +Seguran\u00e7a do Governo de Minas Gerais, lan\u00e7ado em 2016, contendo medidas para a potencializa\u00e7\u00e3o das atividades de seguran\u00e7a p\u00fablica no estado, como o aporte log\u00edstico de viaturas e de recursos humanos para a Pol\u00edcia Militar e a ado\u00e7\u00e3o de estrat\u00e9gia de seguran\u00e7a setorizada.<\/p>\n<p>Nesse sentido, a PMMG implantou as bases comunit\u00e1rias, visando maior proximidade da PMMG com a comunidade em locais de grande fluxo de pessoas ou com grande concentra\u00e7\u00e3o de com\u00e9rcio, atuando em um raio de at\u00e9 4 km.<\/p>\n<p>A primeira etapa do programa ocorreu em 28 de setembro de 2017, com a instala\u00e7\u00e3o de 86 bases comunit\u00e1rias em Belo Horizonte. Ainda neste ano haver\u00e1 a implementa\u00e7\u00e3o do programa nos munic\u00edpios de Contagem, Betim, Ribeir\u00e3o das Neves, Ibirit\u00e9 e Vespasiano, na Regi\u00e3o Metropolitana de Belo Horizonte (RMBH), al\u00e9m dos munic\u00edpios de Uberl\u00e2ndia (Tri\u00e2ngulo Norte), Uberaba (Tri\u00e2ngulo Sul), Montes Claros (Norte), e Juiz de Fora (Mata).<\/p>\n<p>Para a expans\u00e3o do projeto nos munic\u00edpios ser\u00e3o entregues 120 bases, com investimento aproximado de R$ 30 milh\u00f5es.<\/p>\n<\/div>\n<p>&nbsp;<\/p>\n<p>Fonte: Ag\u00eancia Minas Gerais<\/p>\n","protected":false},"excerpt":{"rendered":"<p>O governador Fernando Pimentel anunciou nesta sexta-feira, 6, na Cidade Administrativa, em Belo Horizonte, tr\u00eas novas a\u00e7\u00f5es na \u00e1rea de seguran\u00e7a p\u00fablica dentro das pol\u00edticas da atual gest\u00e3o voltadas para garantir melhores servi\u00e7os para os mineiros. Em coletiva \u00e0 imprensa, o governador apresentou as instala\u00e7\u00f5es do Centro de Intelig\u00eancia e Opera\u00e7\u00f5es Estrat\u00e9gicas (CIOE) do Governo [&hellip;]<\/p>\n","protected":false},"author":96,"featured_media":110668,"comment_status":"closed","ping_status":"closed","sticky":false,"template":"","format":"standard","meta":{"footnotes":""},"categories":[440,252,439],"tags":[],"class_list":["post-110667","post","type-post","status-publish","format-standard","has-post-thumbnail","hentry","category-destaques-do-dia","category-regiao","category-ultima-hora"],"_links":{"self":[{"href":"https:\/\/diarioregionaldigital.com.br\/index.php?rest_route=\/wp\/v2\/posts\/110667","targetHints":{"allow":["GET"]}}],"collection":[{"href":"https:\/\/diarioregionaldigital.com.br\/index.php?rest_route=\/wp\/v2\/posts"}],"about":[{"href":"https:\/\/diarioregionaldigital.com.br\/index.php?rest_route=\/wp\/v2\/types\/post"}],"author":[{"embeddable":true,"href":"https:\/\/diarioregionaldigital.com.br\/index.php?rest_route=\/wp\/v2\/users\/96"}],"replies":[{"embeddable":true,"href":"https:\/\/diarioregionaldigital.com.br\/index.php?rest_route=%2Fwp%2Fv2%2Fcomments&post=110667"}],"version-history":[{"count":0,"href":"https:\/\/diarioregionaldigital.com.br\/index.php?rest_route=\/wp\/v2\/posts\/110667\/revisions"}],"wp:featuredmedia":[{"embeddable":true,"href":"https:\/\/diarioregionaldigital.com.br\/index.php?rest_route=\/wp\/v2\/media\/110668"}],"wp:attachment":[{"href":"https:\/\/diarioregionaldigital.com.br\/index.php?rest_route=%2Fwp%2Fv2%2Fmedia&parent=110667"}],"wp:term":[{"taxonomy":"category","embeddable":true,"href":"https:\/\/diarioregionaldigital.com.br\/index.php?rest_route=%2Fwp%2Fv2%2Fcategories&post=110667"},{"taxonomy":"post_tag","embeddable":true,"href":"https:\/\/diarioregionaldigital.com.br\/index.php?rest_route=%2Fwp%2Fv2%2Ftags&post=110667"}],"curies":[{"name":"wp","href":"https:\/\/api.w.org\/{rel}","templated":true}]}}