{"id":110664,"date":"2018-07-06T11:16:09","date_gmt":"2018-07-06T14:16:09","guid":{"rendered":"http:\/\/diarioregionaljf.com.br\/?p=110664"},"modified":"2018-07-06T11:16:09","modified_gmt":"2018-07-06T14:16:09","slug":"bairro-monte-castelo-recebe-800-metros-de-novas-redes-de-agua-a-partir-desta-segunda-feira","status":"publish","type":"post","link":"https:\/\/diarioregionaldigital.com.br\/?p=110664","title":{"rendered":"Bairro Monte Castelo recebe 800 metros de novas redes de \u00e1gua a partir desta segunda-feira"},"content":{"rendered":"<p>Nesta segunda-feira, 9, a Companhia de Saneamento Municipal (Cesama) iniciar\u00e1 a substitui\u00e7\u00e3o de aproximadamente 800 metros da rede de \u00e1gua da Rua Coronel Quint\u00e3o, no Bairro Monte Castelo. A obra tem como objetivo refor\u00e7ar o abastecimento na via. A previs\u00e3o \u00e9 de que a interven\u00e7\u00e3o seja conclu\u00edda at\u00e9 o final de julho. Para execu\u00e7\u00e3o dos servi\u00e7os ser\u00e1 preciso interromper o abastecimento das 8 \u00e0s 16 horas, o que poder\u00e1 afetar o fornecimento de \u00e1gua na regi\u00e3o. Al\u00e9m disso, durante esse per\u00edodo, o tr\u00e2nsito na via estar\u00e1 totalmente interditado no trecho entre as ruas Branca Mascarenhas e J\u00falio Fausto de Souza. Assim, a companhia solicita que, se poss\u00edvel, os moradores retirem seus ve\u00edculos da garagem antes das 8 horas.<\/p>\n<p>As a\u00e7\u00f5es de remodela\u00e7\u00e3o s\u00e3o realizadas ao longo de todo o ano, seguindo programa\u00e7\u00e3o de prioridades, quando \u00e9 avaliada a necessidade de troca. Esta an\u00e1lise leva em conta a antiguidade e o desgaste do material, o fato de o dimensionamento da tubula\u00e7\u00e3o j\u00e1 n\u00e3o ser compat\u00edvel com o n\u00famero de im\u00f3veis atendidos e os transtornos causados aos usu\u00e1rios do sistema, al\u00e9m dos custos de manuten\u00e7\u00e3o.<\/p>\n<p>&nbsp;<\/p>\n<p>Fonte: Assessoria PJF<\/p>\n","protected":false},"excerpt":{"rendered":"<p>Nesta segunda-feira, 9, a Companhia de Saneamento Municipal (Cesama) iniciar\u00e1 a substitui\u00e7\u00e3o de aproximadamente 800 metros da rede de \u00e1gua da Rua Coronel Quint\u00e3o, no Bairro Monte Castelo. A obra tem como objetivo refor\u00e7ar o abastecimento na via. A previs\u00e3o \u00e9 de que a interven\u00e7\u00e3o seja conclu\u00edda at\u00e9 o final de julho. Para execu\u00e7\u00e3o dos [&hellip;]<\/p>\n","protected":false},"author":96,"featured_media":105098,"comment_status":"closed","ping_status":"closed","sticky":false,"template":"","format":"standard","meta":{"footnotes":""},"categories":[253,439],"tags":[],"class_list":["post-110664","post","type-post","status-publish","format-standard","has-post-thumbnail","hentry","category-cidade","category-ultima-hora"],"_links":{"self":[{"href":"https:\/\/diarioregionaldigital.com.br\/index.php?rest_route=\/wp\/v2\/posts\/110664","targetHints":{"allow":["GET"]}}],"collection":[{"href":"https:\/\/diarioregionaldigital.com.br\/index.php?rest_route=\/wp\/v2\/posts"}],"about":[{"href":"https:\/\/diarioregionaldigital.com.br\/index.php?rest_route=\/wp\/v2\/types\/post"}],"author":[{"embeddable":true,"href":"https:\/\/diarioregionaldigital.com.br\/index.php?rest_route=\/wp\/v2\/users\/96"}],"replies":[{"embeddable":true,"href":"https:\/\/diarioregionaldigital.com.br\/index.php?rest_route=%2Fwp%2Fv2%2Fcomments&post=110664"}],"version-history":[{"count":0,"href":"https:\/\/diarioregionaldigital.com.br\/index.php?rest_route=\/wp\/v2\/posts\/110664\/revisions"}],"wp:featuredmedia":[{"embeddable":true,"href":"https:\/\/diarioregionaldigital.com.br\/index.php?rest_route=\/wp\/v2\/media\/105098"}],"wp:attachment":[{"href":"https:\/\/diarioregionaldigital.com.br\/index.php?rest_route=%2Fwp%2Fv2%2Fmedia&parent=110664"}],"wp:term":[{"taxonomy":"category","embeddable":true,"href":"https:\/\/diarioregionaldigital.com.br\/index.php?rest_route=%2Fwp%2Fv2%2Fcategories&post=110664"},{"taxonomy":"post_tag","embeddable":true,"href":"https:\/\/diarioregionaldigital.com.br\/index.php?rest_route=%2Fwp%2Fv2%2Ftags&post=110664"}],"curies":[{"name":"wp","href":"https:\/\/api.w.org\/{rel}","templated":true}]}}