{"id":110652,"date":"2018-07-06T10:59:39","date_gmt":"2018-07-06T13:59:39","guid":{"rendered":"http:\/\/diarioregionaljf.com.br\/?p=110652"},"modified":"2018-07-06T10:59:39","modified_gmt":"2018-07-06T13:59:39","slug":"trf4-nega-pedidos-de-suspeicao-contra-moro-feitos-pela-defesa-de-lula","status":"publish","type":"post","link":"https:\/\/diarioregionaldigital.com.br\/?p=110652","title":{"rendered":"TRF4 nega pedidos de suspei\u00e7\u00e3o contra Moro feitos pela defesa de Lula"},"content":{"rendered":"<p>O Tribunal Regional da 4\u00aa Regi\u00e3o (TRF4) negou pedidos apresentados pela defesa do ex-presidente Luiz In\u00e1cio Lula da Silva para declarar o juiz S\u00e9rgio Moro, da Justi\u00e7a Federal em Curitiba, suspeito em dois processos envolvendo o ex-presidente.<\/p>\n<p>Um dos processos apura que o\u00a0ex-presidente seria o verdadeiro propriet\u00e1rio de um s\u00edtio na cidade de Atibaia, no estado de S\u00e3o Paulo. Segundo o Minist\u00e9rio P\u00fablico Federal, o s\u00edtio teria recebido melhorias, desta forma beneficiando Lula, como forma de propina em troca de benef\u00edcios concedidos \u00e0s empreiteiras Odebrecht e OAS.<\/p>\n<p>O outro processo trata de um apartamento do ex-presidente e de um terreno do Instituto Lula. Segundo o Minist\u00e9rio P\u00fablico Federal, esses im\u00f3veis estariam envolvidos tamb\u00e9m em esquemas de repasse de propina pela construtora Odebrecht.<\/p>\n<p>A defesa de Lula argumentou que o juiz S\u00e9rgio Moro seria suspeito por ter participado durante um evento em Nova York, nos Estados Unidos, que teria sido organizado pelo ent\u00e3o pr\u00e9-candidato Jo\u00e3o D\u00f3ria (PSDB). Al\u00e9m disso, Moro teria feito men\u00e7\u00e3o \u00e0 pris\u00e3o de Lula durante palestra proferida no evento.<\/p>\n<p>O relator do pedido, desembargador Jo\u00e3o Pedro Gebran Neto, disse que a presen\u00e7a de D\u00f3ria n\u00e3o tornou o evento pol\u00edtico-partid\u00e1rio e a presen\u00e7a de Moro n\u00e3o teria sido motivo para \u201cmacular a isen\u00e7\u00e3o do juiz\u201d.<\/p>\n<p>&nbsp;<\/p>\n<p>Fonte: Ag\u00eancia Brasil<\/p>\n","protected":false},"excerpt":{"rendered":"<p>O Tribunal Regional da 4\u00aa Regi\u00e3o (TRF4) negou pedidos apresentados pela defesa do ex-presidente Luiz In\u00e1cio Lula da Silva para declarar o juiz S\u00e9rgio Moro, da Justi\u00e7a Federal em Curitiba, suspeito em dois processos envolvendo o ex-presidente. Um dos processos apura que o\u00a0ex-presidente seria o verdadeiro propriet\u00e1rio de um s\u00edtio na cidade de Atibaia, no [&hellip;]<\/p>\n","protected":false},"author":96,"featured_media":99896,"comment_status":"closed","ping_status":"closed","sticky":false,"template":"","format":"standard","meta":{"footnotes":""},"categories":[254,439],"tags":[],"class_list":["post-110652","post","type-post","status-publish","format-standard","has-post-thumbnail","hentry","category-politica","category-ultima-hora"],"_links":{"self":[{"href":"https:\/\/diarioregionaldigital.com.br\/index.php?rest_route=\/wp\/v2\/posts\/110652","targetHints":{"allow":["GET"]}}],"collection":[{"href":"https:\/\/diarioregionaldigital.com.br\/index.php?rest_route=\/wp\/v2\/posts"}],"about":[{"href":"https:\/\/diarioregionaldigital.com.br\/index.php?rest_route=\/wp\/v2\/types\/post"}],"author":[{"embeddable":true,"href":"https:\/\/diarioregionaldigital.com.br\/index.php?rest_route=\/wp\/v2\/users\/96"}],"replies":[{"embeddable":true,"href":"https:\/\/diarioregionaldigital.com.br\/index.php?rest_route=%2Fwp%2Fv2%2Fcomments&post=110652"}],"version-history":[{"count":0,"href":"https:\/\/diarioregionaldigital.com.br\/index.php?rest_route=\/wp\/v2\/posts\/110652\/revisions"}],"wp:featuredmedia":[{"embeddable":true,"href":"https:\/\/diarioregionaldigital.com.br\/index.php?rest_route=\/wp\/v2\/media\/99896"}],"wp:attachment":[{"href":"https:\/\/diarioregionaldigital.com.br\/index.php?rest_route=%2Fwp%2Fv2%2Fmedia&parent=110652"}],"wp:term":[{"taxonomy":"category","embeddable":true,"href":"https:\/\/diarioregionaldigital.com.br\/index.php?rest_route=%2Fwp%2Fv2%2Fcategories&post=110652"},{"taxonomy":"post_tag","embeddable":true,"href":"https:\/\/diarioregionaldigital.com.br\/index.php?rest_route=%2Fwp%2Fv2%2Ftags&post=110652"}],"curies":[{"name":"wp","href":"https:\/\/api.w.org\/{rel}","templated":true}]}}