{"id":110649,"date":"2018-07-06T10:52:47","date_gmt":"2018-07-06T13:52:47","guid":{"rendered":"http:\/\/diarioregionaljf.com.br\/?p=110649"},"modified":"2018-07-06T10:52:47","modified_gmt":"2018-07-06T13:52:47","slug":"brasil-gasta-6-do-pib-em-educacao-mas-desempenho-escolar-e-ruim","status":"publish","type":"post","link":"https:\/\/diarioregionaldigital.com.br\/?p=110649","title":{"rendered":"Brasil gasta 6% do PIB em educa\u00e7\u00e3o, mas desempenho escolar \u00e9 ruim"},"content":{"rendered":"<p>O Brasil gasta anualmente em educa\u00e7\u00e3o p\u00fablica cerca de 6% do Produto Interno Bruto (PIB, soma de todos os bens e servi\u00e7os produzidos no pa\u00eds). Esse valor \u00e9 superior \u00e0 m\u00e9dia dos pa\u00edses que comp\u00f5em a Organiza\u00e7\u00e3o para a Coopera\u00e7\u00e3o e Desenvolvimento Econ\u00f4mico (OCDE), de 5,5%. No entanto, o pa\u00eds est\u00e1 nas \u00faltimas posi\u00e7\u00f5es em avalia\u00e7\u00f5es internacionais de desempenho escolar, ainda que haja casos de sucesso nas esferas estadual e municipal. A avalia\u00e7\u00e3o \u00e9 do relat\u00f3rio Aspectos Fiscais da Educa\u00e7\u00e3o no Brasil, divulgado nessa sexta-feira, 6, pela Secretaria do Tesouro Nacional, do Minist\u00e9rio da Fazenda.<\/p>\n<p>Segundo o relat\u00f3rio, o gasto brasileiro tamb\u00e9m supera pa\u00edses como a Argentina (5,3%), Col\u00f4mbia (4,7%), o Chile (4,8%), M\u00e9xico (5,3%) e os Estados Unidos (5,4%). \u201cCerca de 80% dos pa\u00edses, incluindo v\u00e1rios pa\u00edses desenvolvidos, gastam menos que o Brasil em educa\u00e7\u00e3o relativamente ao PIB\u201d.<\/p>\n<p>O relat\u00f3rio tamb\u00e9m mostra que como propor\u00e7\u00e3o das receitas da Uni\u00e3o, a despesa federal em educa\u00e7\u00e3o quase dobrou sua participa\u00e7\u00e3o, passando de 4,7% para 8,3% no per\u00edodo 2008 a 2017. Em propor\u00e7\u00e3o do PIB, a expans\u00e3o passou de 1,1% para 1,8%. A despesa com educa\u00e7\u00e3o apresentou crescimento acumulado real de 91% no per\u00edodo de 2008 a 2017, 7,4% ao ano, em m\u00e9dia, enquanto a receita da Uni\u00e3o cresceu 6,7% em termos reais, descontada a infla\u00e7\u00e3o, 0,7% ao ano, em m\u00e9dia.<\/p>\n<p>Na principal avalia\u00e7\u00e3o internacional de desempenho escolar, o Pisa (<em>Programme for International Student Assessment<\/em>), o Brasil est\u00e1 nas \u00faltimas posi\u00e7\u00f5es. Dos 70 pa\u00edses avaliados em 2015, o Brasil ficou na 63\u00aa posi\u00e7\u00e3o em ci\u00eancias, na 59\u00aa em leitura e na 66\u00aa coloca\u00e7\u00e3o em matem\u00e1tica.<\/p>\n<p>O problema no Brasil, de acordo com o relat\u00f3rio, n\u00e3o est\u00e1 no volume dos gastos, mas na necessidade de aprimoramento de pol\u00edticas e processos educacionais. \u201cApesar da forte press\u00e3o social para a eleva\u00e7\u00e3o do gasto na \u00e1rea de educa\u00e7\u00e3o, existem evid\u00eancias de que a atual baixa qualidade n\u00e3o se deve \u00e0 insufici\u00eancia de recursos. Tal observa\u00e7\u00e3o n\u00e3o \u00e9 espec\u00edfica ao Brasil, tendo em vista que j\u00e1 \u00e9 estabelecida na literatura sobre o tema a vis\u00e3o de que pol\u00edticas baseadas apenas na amplia\u00e7\u00e3o de insumos educacionais s\u00e3o, em geral, ineficazes\u201d, diz o estudo.<\/p>\n<h5>Caso de sucesso<\/h5>\n<p>O estudo destaca ainda que mesmo no Brasil existem casos de sucesso, como o do Cear\u00e1, que obteve em 2015 o quinto melhor \u00cdndice de Desenvolvimento da Educa\u00e7\u00e3o B\u00e1sica (Ideb) nos anos iniciais do ensino fundamental, mesmo com um gasto inferior \u00e0 m\u00e9dia da pr\u00f3pria Regi\u00e3o Nordeste e \u00e0 m\u00e9dia nacional.<\/p>\n<p>Em 2017, o Cear\u00e1 aplicou R$ 3.589,95 por aluno na educa\u00e7\u00e3o b\u00e1sica, ao passo que os demais estados da Regi\u00e3o Nordeste aplicaram, em m\u00e9dia, R$ 3.764,84. \u201cN\u00e3o obstante, o Cear\u00e1 alcan\u00e7ou um Ideb de 5,7, enquanto a m\u00e9dia dos demais estados da regi\u00e3o foi de 4,4. Ressalta-se ainda que, em 2005, o desempenho do Cear\u00e1 era de apenas 2,8, que o colocava somente na 18\u00aa posi\u00e7\u00e3o entre 27 estados\u201d, diz o relat\u00f3rio.<\/p>\n<p>\u201cO desempenho do Cear\u00e1 \u00e9 ainda mais ilustrativo se comparado a um outro extremo, o Distrito Federal, que, mesmo com uma aplica\u00e7\u00e3o de recursos 134% maior ao primeiro, obteve um Ideb de 5,6, ligeiramente inferior ao do Cear\u00e1\u201d, acrescentou.<\/p>\n<p>Al\u00e9m disso, diz o estudo, o melhor Ideb municipal do Brasil, em 2015, foi o do munic\u00edpio cearense de Sobral, que alcan\u00e7ou a nota m\u00e9dia de 8,8 na rede p\u00fablica, com uma despesa de R$ 3.091,38, a qual \u00e9 inferior \u00e0 m\u00e9dia do pr\u00f3prio estado do Cear\u00e1 e bastante inferior \u00e0 m\u00e9dia nacional de R$ 5.005,83.<\/p>\n<p>&nbsp;<\/p>\n<p>Fonte: Ag\u00eancia Brasil<\/p>\n","protected":false},"excerpt":{"rendered":"<p>O Brasil gasta anualmente em educa\u00e7\u00e3o p\u00fablica cerca de 6% do Produto Interno Bruto (PIB, soma de todos os bens e servi\u00e7os produzidos no pa\u00eds). Esse valor \u00e9 superior \u00e0 m\u00e9dia dos pa\u00edses que comp\u00f5em a Organiza\u00e7\u00e3o para a Coopera\u00e7\u00e3o e Desenvolvimento Econ\u00f4mico (OCDE), de 5,5%. No entanto, o pa\u00eds est\u00e1 nas \u00faltimas posi\u00e7\u00f5es em [&hellip;]<\/p>\n","protected":false},"author":96,"featured_media":109753,"comment_status":"closed","ping_status":"closed","sticky":false,"template":"","format":"standard","meta":{"footnotes":""},"categories":[302,439],"tags":[],"class_list":["post-110649","post","type-post","status-publish","format-standard","has-post-thumbnail","hentry","category-brasil-mundo","category-ultima-hora"],"_links":{"self":[{"href":"https:\/\/diarioregionaldigital.com.br\/index.php?rest_route=\/wp\/v2\/posts\/110649","targetHints":{"allow":["GET"]}}],"collection":[{"href":"https:\/\/diarioregionaldigital.com.br\/index.php?rest_route=\/wp\/v2\/posts"}],"about":[{"href":"https:\/\/diarioregionaldigital.com.br\/index.php?rest_route=\/wp\/v2\/types\/post"}],"author":[{"embeddable":true,"href":"https:\/\/diarioregionaldigital.com.br\/index.php?rest_route=\/wp\/v2\/users\/96"}],"replies":[{"embeddable":true,"href":"https:\/\/diarioregionaldigital.com.br\/index.php?rest_route=%2Fwp%2Fv2%2Fcomments&post=110649"}],"version-history":[{"count":0,"href":"https:\/\/diarioregionaldigital.com.br\/index.php?rest_route=\/wp\/v2\/posts\/110649\/revisions"}],"wp:featuredmedia":[{"embeddable":true,"href":"https:\/\/diarioregionaldigital.com.br\/index.php?rest_route=\/wp\/v2\/media\/109753"}],"wp:attachment":[{"href":"https:\/\/diarioregionaldigital.com.br\/index.php?rest_route=%2Fwp%2Fv2%2Fmedia&parent=110649"}],"wp:term":[{"taxonomy":"category","embeddable":true,"href":"https:\/\/diarioregionaldigital.com.br\/index.php?rest_route=%2Fwp%2Fv2%2Fcategories&post=110649"},{"taxonomy":"post_tag","embeddable":true,"href":"https:\/\/diarioregionaldigital.com.br\/index.php?rest_route=%2Fwp%2Fv2%2Ftags&post=110649"}],"curies":[{"name":"wp","href":"https:\/\/api.w.org\/{rel}","templated":true}]}}